{"id":10419,"date":"2014-09-18T16:21:08","date_gmt":"2014-09-18T13:21:08","guid":{"rendered":"http:\/\/www.sana.sy\/tr\/?p=10419"},"modified":"2014-09-18T16:21:08","modified_gmt":"2014-09-18T13:21:08","slug":"hasekede-onlarca-bomba-duzenegi-etkisiz-hale-getirildi","status":"publish","type":"post","link":"https:\/\/archive.sana.sy\/tr\/?p=10419","title":{"rendered":"Haseke\u2019de Onlarca Bomba D\u00fczene\u011fi Etkisiz Hale Getirildi"},"content":{"rendered":"<p>HASEKE \u2013 Ordu birliklerimize tabi bomba imha ekipleri; vatan koruyucular\u0131m\u0131z\u0131n Haseke Kentinin \u011evayran Semtinde bertaraf ettikleri ter\u00f6ristlerin \u00f6zel ve kamu m\u00fclklere yerle\u015ftirdikleri onlarca bomba d\u00fczene\u011fini etkisiz hale getirdi.<\/p>\n<p>Askeri kaynak SANA\u2019ya a\u00e7\u0131klamas\u0131nda ter\u00f6ristlerin bertaraf edilmeleri ard\u0131ndan semtte ba\u015flat\u0131lan arama tarama operasyonunda ter\u00f6ristlerin bulunduklar\u0131 yuva ve karargahlarda \u00e7ok say\u0131da havan mermileri, yerel \u00fcretim f\u00fczeleri ve bataryalar\u0131, \u00e7ok say\u0131da RPG, uzun namlulu otomatik sava\u015f silahlar\u0131, t\u0131bbi ekipmanlar, askeri d\u00fcrb\u00fcnler ve muhaberat cihazlar\u0131 ele ge\u00e7irildi\u011fini s\u00f6yledi. Semtte arama tarama operasyonunun s\u00fcrd\u00fc\u011f\u00fcn\u00fc ifade eden kaynak; semt ahalisinin g\u00fcvenli bir \u015fekilde evlerine d\u00f6nmelerini sa\u011flamak amac\u0131yla geriye kalan bomba d\u00fczenekleri ve bubi tuzaklar\u0131n\u0131 etkisizle\u015ftirme \u00e7al\u0131\u015fmalar\u0131n\u0131n devam etti\u011fini s\u00f6yledi.<\/p>\n<div id='gallery-1' class='gallery galleryid-10419 gallery-columns-3 gallery-size-thumbnail'><figure class='gallery-item'>\n\t\t\t<div class='gallery-icon landscape'>\n\t\t\t\t<a href='https:\/\/archive.sana.sy\/tr\/wp-content\/uploads\/2014\/09\/gveyran-04.jpg'><img loading=\"lazy\" decoding=\"async\" width=\"150\" height=\"98\" src=\"https:\/\/archive.sana.sy\/tr\/wp-content\/uploads\/2014\/09\/gveyran-04-150x98.jpg\" class=\"attachment-thumbnail size-thumbnail\" alt=\"\" srcset=\"https:\/\/archive.sana.sy\/tr\/wp-content\/uploads\/2014\/09\/gveyran-04-150x98.jpg 150w, https:\/\/archive.sana.sy\/tr\/wp-content\/uploads\/2014\/09\/gveyran-04-300x197.jpg 300w, https:\/\/archive.sana.sy\/tr\/wp-content\/uploads\/2014\/09\/gveyran-04.jpg 845w\" sizes=\"auto, (max-width: 150px) 100vw, 150px\" \/><\/a>\n\t\t\t<\/div><\/figure><figure class='gallery-item'>\n\t\t\t<div class='gallery-icon landscape'>\n\t\t\t\t<a href='https:\/\/archive.sana.sy\/tr\/wp-content\/uploads\/2014\/09\/gveyran-03.jpg'><img loading=\"lazy\" decoding=\"async\" width=\"150\" height=\"106\" src=\"https:\/\/archive.sana.sy\/tr\/wp-content\/uploads\/2014\/09\/gveyran-03-150x106.jpg\" class=\"attachment-thumbnail size-thumbnail\" alt=\"\" srcset=\"https:\/\/archive.sana.sy\/tr\/wp-content\/uploads\/2014\/09\/gveyran-03-150x106.jpg 150w, https:\/\/archive.sana.sy\/tr\/wp-content\/uploads\/2014\/09\/gveyran-03-300x212.jpg 300w, https:\/\/archive.sana.sy\/tr\/wp-content\/uploads\/2014\/09\/gveyran-03.jpg 845w\" sizes=\"auto, (max-width: 150px) 100vw, 150px\" \/><\/a>\n\t\t\t<\/div><\/figure><figure class='gallery-item'>\n\t\t\t<div class='gallery-icon landscape'>\n\t\t\t\t<a href='https:\/\/archive.sana.sy\/tr\/wp-content\/uploads\/2014\/09\/gveyran-02.jpg'><img loading=\"lazy\" decoding=\"async\" width=\"150\" height=\"108\" src=\"https:\/\/archive.sana.sy\/tr\/wp-content\/uploads\/2014\/09\/gveyran-02-150x108.jpg\" class=\"attachment-thumbnail size-thumbnail\" alt=\"\" srcset=\"https:\/\/archive.sana.sy\/tr\/wp-content\/uploads\/2014\/09\/gveyran-02-150x108.jpg 150w, https:\/\/archive.sana.sy\/tr\/wp-content\/uploads\/2014\/09\/gveyran-02-300x216.jpg 300w, https:\/\/archive.sana.sy\/tr\/wp-content\/uploads\/2014\/09\/gveyran-02.jpg 806w\" sizes=\"auto, (max-width: 150px) 100vw, 150px\" \/><\/a>\n\t\t\t<\/div><\/figure>\n\t\t<\/div>\n\n","protected":false},"excerpt":{"rendered":"<p>HASEKE \u2013 Ordu birliklerimize tabi bomba imha ekipleri; vatan koruyucular\u0131m\u0131z\u0131n Haseke Kentinin \u011evayran Semtinde bertaraf ettikleri ter\u00f6ristlerin \u00f6zel ve kamu m\u00fclklere yerle\u015ftirdikleri onlarca bomba d\u00fczene\u011fini etkisiz hale getirdi. Askeri kaynak SANA\u2019ya a\u00e7\u0131klamas\u0131nda ter\u00f6ristlerin bertaraf edilmeleri ard\u0131ndan semtte ba\u015flat\u0131lan arama tarama operasyonunda ter\u00f6ristlerin bulunduklar\u0131 yuva ve karargahlarda \u00e7ok say\u0131da havan mermileri, yerel \u00fcretim f\u00fczeleri ve bataryalar\u0131, &hellip;<\/p>\n","protected":false},"author":1,"featured_media":10420,"comment_status":"closed","ping_status":"closed","sticky":false,"template":"","format":"standard","meta":{"footnotes":""},"categories":[596,479,575,478],"tags":[2412],"class_list":["post-10419","post","type-post","status-publish","format-standard","has-post-thumbnail","","category-fotografli-raporlar","category-haberler-yerel","category-olaylar-ve-gercekler","category-yerel","tag-hasekede-onlarca-bomba-duzenegi-etkisiz-hale-getirildi"],"_links":{"self":[{"href":"https:\/\/archive.sana.sy\/tr\/index.php?rest_route=\/wp\/v2\/posts\/10419","targetHints":{"allow":["GET"]}}],"collection":[{"href":"https:\/\/archive.sana.sy\/tr\/index.php?rest_route=\/wp\/v2\/posts"}],"about":[{"href":"https:\/\/archive.sana.sy\/tr\/index.php?rest_route=\/wp\/v2\/types\/post"}],"author":[{"embeddable":true,"href":"https:\/\/archive.sana.sy\/tr\/index.php?rest_route=\/wp\/v2\/users\/1"}],"replies":[{"embeddable":true,"href":"https:\/\/archive.sana.sy\/tr\/index.php?rest_route=%2Fwp%2Fv2%2Fcomments&post=10419"}],"version-history":[{"count":0,"href":"https:\/\/archive.sana.sy\/tr\/index.php?rest_route=\/wp\/v2\/posts\/10419\/revisions"}],"wp:featuredmedia":[{"embeddable":true,"href":"https:\/\/archive.sana.sy\/tr\/index.php?rest_route=\/wp\/v2\/media\/10420"}],"wp:attachment":[{"href":"https:\/\/archive.sana.sy\/tr\/index.php?rest_route=%2Fwp%2Fv2%2Fmedia&parent=10419"}],"wp:term":[{"taxonomy":"category","embeddable":true,"href":"https:\/\/archive.sana.sy\/tr\/index.php?rest_route=%2Fwp%2Fv2%2Fcategories&post=10419"},{"taxonomy":"post_tag","embeddable":true,"href":"https:\/\/archive.sana.sy\/tr\/index.php?rest_route=%2Fwp%2Fv2%2Ftags&post=10419"}],"curies":[{"name":"wp","href":"https:\/\/api.w.org\/{rel}","templated":true}]}}