{"id":104246,"date":"2017-02-07T14:11:55","date_gmt":"2017-02-07T12:11:55","guid":{"rendered":"http:\/\/www.sana.sy\/tr\/?p=104246"},"modified":"2017-02-13T10:00:09","modified_gmt":"2017-02-13T08:00:09","slug":"kucuk-gazeteci-yarinin-buyugudur","status":"publish","type":"post","link":"https:\/\/archive.sana.sy\/tr\/?p=104246","title":{"rendered":"K\u00fc\u00e7\u00fck Gazeteci Yar\u0131n\u0131n B\u00fcy\u00fc\u011f\u00fcd\u00fcr"},"content":{"rendered":"<p>HOMS \u2013 \u00c7ocuklar\u0131n yetenek ve hayal g\u00fc\u00e7lerini geli\u015ftirmekle birlikte onlara sosyal destek sa\u011flama amac\u0131yla Homs\u2019ta \u2018K\u00fc\u00e7\u00fck Gazeteci, Yar\u0131n\u0131n B\u00fcy\u00fc\u011f\u00fcd\u00fcr\u2019 slogan\u0131 alt\u0131nda \u00e7ocuklara has bas\u0131n \u00e7al\u0131\u015ftay\u0131 kuruldu.<\/p>\n<p>Baas \u00d6nc\u00fcleri Homs \u0130l \u015eubesinin organize etti\u011fi \u00e7al\u0131\u015ftayda \u015fube y\u00f6netim kurulu \u00fcyesi Adnan Yezbek SANA\u2019ya a\u00e7\u0131klamas\u0131nda; Baas \u00d6nc\u00fclerinin yetenekli ve ayr\u0131cal\u0131kl\u0131 nesillerin yeti\u015ftirilmesinde resmi ve sivil toplum faaliyetleri aras\u0131nda \u00f6nc\u00fc bir rol oynamaya \u00f6zen g\u00f6sterdi\u011fini belirtti.<\/p>\n<p>Yezbek \u00e7ocuklar\u0131n hobi ve ilgi alanlar\u0131na g\u00f6re muhtelif t\u00fcr faaliyetler d\u00fczenlediklerine dikkat \u00e7ekerken, bas\u0131n \u00e7al\u0131\u015ftay\u0131nda \u00e7ocuklar\u0131n radyo, televizyon, gazetecilik, elektronik medya ve dijital medya alanlar\u0131nda bilgi al\u0131p yeteneklerini geli\u015ftirmekte olduklar\u0131n\u0131 belirtti.<\/p>\n<p>Yezbek \u00e7al\u0131\u015ftay\u0131n E\u011fitim Bakanl\u0131\u011f\u0131, Enformasyon M\u00fcd\u00fcrl\u00fc\u011f\u00fc ve Gazeteciler Birli\u011fi ile i\u015fbirli\u011fi i\u00e7inde d\u00fczenlendi\u011fine dikkat \u00e7ekti.<\/p>\n","protected":false},"excerpt":{"rendered":"<p>HOMS \u2013 \u00c7ocuklar\u0131n yetenek ve hayal g\u00fc\u00e7lerini geli\u015ftirmekle birlikte onlara sosyal destek sa\u011flama amac\u0131yla Homs\u2019ta \u2018K\u00fc\u00e7\u00fck Gazeteci, Yar\u0131n\u0131n B\u00fcy\u00fc\u011f\u00fcd\u00fcr\u2019 slogan\u0131 alt\u0131nda \u00e7ocuklara has bas\u0131n \u00e7al\u0131\u015ftay\u0131 kuruldu. Baas \u00d6nc\u00fcleri Homs \u0130l \u015eubesinin organize etti\u011fi \u00e7al\u0131\u015ftayda \u015fube y\u00f6netim kurulu \u00fcyesi Adnan Yezbek SANA\u2019ya a\u00e7\u0131klamas\u0131nda; Baas \u00d6nc\u00fclerinin yetenekli ve ayr\u0131cal\u0131kl\u0131 nesillerin yeti\u015ftirilmesinde resmi ve sivil toplum faaliyetleri aras\u0131nda &hellip;<\/p>\n","protected":false},"author":1,"featured_media":104247,"comment_status":"closed","ping_status":"closed","sticky":false,"template":"","format":"standard","meta":{"footnotes":""},"categories":[526,479,17988,525,478],"tags":[26469,27415,27413,1293,25414,27414],"class_list":["post-104246","post","type-post","status-publish","format-standard","has-post-thumbnail","","category-haber-ve-raporlar","category-haberler-yerel","category-son-haberler","category-toplum","category-yerel","tag-baas-onculeri","tag-basin-calistayi","tag-cocuk-yetenekler","tag-homs","tag-suriyeli-cocuklar","tag-yetenek-gelistirme"],"_links":{"self":[{"href":"https:\/\/archive.sana.sy\/tr\/index.php?rest_route=\/wp\/v2\/posts\/104246","targetHints":{"allow":["GET"]}}],"collection":[{"href":"https:\/\/archive.sana.sy\/tr\/index.php?rest_route=\/wp\/v2\/posts"}],"about":[{"href":"https:\/\/archive.sana.sy\/tr\/index.php?rest_route=\/wp\/v2\/types\/post"}],"author":[{"embeddable":true,"href":"https:\/\/archive.sana.sy\/tr\/index.php?rest_route=\/wp\/v2\/users\/1"}],"replies":[{"embeddable":true,"href":"https:\/\/archive.sana.sy\/tr\/index.php?rest_route=%2Fwp%2Fv2%2Fcomments&post=104246"}],"version-history":[{"count":0,"href":"https:\/\/archive.sana.sy\/tr\/index.php?rest_route=\/wp\/v2\/posts\/104246\/revisions"}],"wp:featuredmedia":[{"embeddable":true,"href":"https:\/\/archive.sana.sy\/tr\/index.php?rest_route=\/wp\/v2\/media\/104247"}],"wp:attachment":[{"href":"https:\/\/archive.sana.sy\/tr\/index.php?rest_route=%2Fwp%2Fv2%2Fmedia&parent=104246"}],"wp:term":[{"taxonomy":"category","embeddable":true,"href":"https:\/\/archive.sana.sy\/tr\/index.php?rest_route=%2Fwp%2Fv2%2Fcategories&post=104246"},{"taxonomy":"post_tag","embeddable":true,"href":"https:\/\/archive.sana.sy\/tr\/index.php?rest_route=%2Fwp%2Fv2%2Ftags&post=104246"}],"curies":[{"name":"wp","href":"https:\/\/api.w.org\/{rel}","templated":true}]}}