{"id":104249,"date":"2017-02-07T14:40:11","date_gmt":"2017-02-07T12:40:11","guid":{"rendered":"http:\/\/www.sana.sy\/tr\/?p=104249"},"modified":"2017-02-13T10:00:04","modified_gmt":"2017-02-13T08:00:04","slug":"bundan-dolayi-suriye-ve-esada-destek-verilmelidir","status":"publish","type":"post","link":"https:\/\/archive.sana.sy\/tr\/?p=104249","title":{"rendered":"Bundan Dolay\u0131 Suriye ve Esad\u2019a Destek Verilmelidir (Video)"},"content":{"rendered":"<p>\u015eAM KIRSALI \u2013 Bel\u00e7ika Parlamento \u00fcyesi Filip Dewinter ba\u015fkanl\u0131\u011f\u0131nda Suriye\u2019ye i\u015f gezisinde bulunan Bel\u00e7ikal\u0131 parlamenter heyet bug\u00fcn \u015eam k\u0131rsal\u0131n\u0131n kuzeydo\u011fusu Kara Beldesinde Mar Yakup el Makta Manast\u0131r\u0131n\u0131 ziyaret etti.<\/p>\n<p>Ziyaret ard\u0131ndan SANA\u2019ya a\u00e7\u0131klama yapan heyet ba\u015fkan\u0131 Dewinter; Suriye&#8217;de muhtelif dinler ve \u0131rklar aras\u0131nda tan\u0131k oldu\u011fu ho\u015fg\u00f6r\u00fc ve ortak ya\u015fam\u0131n korunmas\u0131 ve s\u00fcrd\u00fcr\u00fclmesi gerekti\u011fini belirtti.<\/p>\n<p>Suriye&#8217;nin lideri Be\u015f\u015far el Esad, halk\u0131 ve ordusu ile radikal ter\u00f6re kar\u015f\u0131 verdi\u011fi sava\u015f\u0131n kendilerinin de sava\u015f\u0131 oldu\u011funu ifade eden Dewinter; radikal ter\u00f6r\u00fcn ortak bir d\u00fc\u015fman olmas\u0131yla Suriye ve lideri el Esad\u2019a destek verilmesi gerekti\u011finin alt\u0131n\u0131 \u00e7izdi.<\/p>\n<p><a href=\"http:\/\/www.sana.sy\/tr\/wp-content\/uploads\/2017\/02\/1-45.jpg\"><img loading=\"lazy\" decoding=\"async\" class=\"alignright wp-image-104284 size-medium\" src=\"http:\/\/www.sana.sy\/tr\/wp-content\/uploads\/2017\/02\/1-45-300x150.jpg\" width=\"300\" height=\"150\" srcset=\"https:\/\/archive.sana.sy\/tr\/wp-content\/uploads\/2017\/02\/1-45-300x150.jpg 300w, https:\/\/archive.sana.sy\/tr\/wp-content\/uploads\/2017\/02\/1-45-150x75.jpg 150w, https:\/\/archive.sana.sy\/tr\/wp-content\/uploads\/2017\/02\/1-45.jpg 660w\" sizes=\"auto, (max-width: 300px) 100vw, 300px\" \/><\/a>Heyetin el Esad ile g\u00f6r\u00fc\u015fmesi konusunda ise Dewinter; g\u00f6r\u00fc\u015fmenin iyi ve etkileyici oldu\u011funu ifade ederken, el Esad\u2019\u0131 \u00e7ok partili geli\u015fmi\u015f ve demokrat bir Suriye i\u00e7in sava\u015fan cesur bir \u015fah\u0131s olarak nitelendirdi.<\/p>\n<p>Bel\u00e7ikal\u0131 parlamenter heyetin Suriye&#8217;de dola\u015ft\u0131\u011f\u0131 kutsal mekanlar\u0131n bu \u00fclkenin laiklik ve ho\u015fg\u00f6r\u00fc \u00fclkesi oldu\u011funu net bir \u015fekilde ortaya koydu\u011funu belirten Dewinter; Suriye&#8217;nin bu \u00f6zelliklerinin korunmas\u0131 i\u00e7in el Esad ve Suriye&#8217;yi ter\u00f6re kar\u015f\u0131 desteklemenin gerekti\u011fini vurgulad\u0131.<\/p>\n<p>Konuk heyet ba\u015fkan\u0131 Dewinter; Halep Kentinin radikal ter\u00f6rden kurtar\u0131lmas\u0131n\u0131n bir\u00e7ok a\u00e7\u0131dan b\u00fcy\u00fck bir \u00f6nem ta\u015f\u0131d\u0131\u011f\u0131n\u0131 ifade ederken, Halep\u2019e ziyareti esnas\u0131nda heyetin daha \u00f6nce duydu\u011fu medya yalanlar\u0131ndan tamamen farkl\u0131 bir durumu g\u00f6zleriyle g\u00f6rd\u00fcklerini s\u00f6yledi.<\/p>\n<p>Suriye halk\u0131n\u0131n Bat\u0131l\u0131 devletlerin uygulad\u0131klar\u0131 ekonomik yapt\u0131r\u0131mlar\u0131n kurban\u0131 oldu\u011funa dikkat \u00e7eken Dewinter; \u00f6zellikle ter\u00f6r ma\u011fdurlar\u0131, m\u00fclteciler, yaral\u0131lar ve hastalar\u0131n bu yapt\u0131r\u0131mlar\u0131n olumsuz etkilerinden dolay\u0131 ya\u015fad\u0131klar\u0131 sorunlara vurgu yapt\u0131. Dewinter; s\u00f6z konusu insanlar\u0131n bu yapt\u0131r\u0131mlardan en \u00e7ok zarar g\u00f6ren kesim oldu\u011funu belirtti. Ter\u00f6re kar\u015f\u0131 sava\u015fta zafer kazan\u0131lmas\u0131 i\u00e7in bu yapt\u0131r\u0131mlar\u0131n kald\u0131r\u0131lmas\u0131n\u0131n gerekti\u011fini kaydeden Dewinter; bunun i\u00e7in \u00e7abalar\u0131n yo\u011funla\u015ft\u0131r\u0131lmas\u0131 ve birle\u015ftirilmesi \u00f6nemine i\u015faret etti.<\/p>\n<p>https:\/\/www.youtube.com\/watch?v=S3NrEbiPe10<\/p>\n","protected":false},"excerpt":{"rendered":"<p>\u015eAM KIRSALI \u2013 Bel\u00e7ika Parlamento \u00fcyesi Filip Dewinter ba\u015fkanl\u0131\u011f\u0131nda Suriye\u2019ye i\u015f gezisinde bulunan Bel\u00e7ikal\u0131 parlamenter heyet bug\u00fcn \u015eam k\u0131rsal\u0131n\u0131n kuzeydo\u011fusu Kara Beldesinde Mar Yakup el Makta Manast\u0131r\u0131n\u0131 ziyaret etti. Ziyaret ard\u0131ndan SANA\u2019ya a\u00e7\u0131klama yapan heyet ba\u015fkan\u0131 Dewinter; Suriye&#8217;de muhtelif dinler ve \u0131rklar aras\u0131nda tan\u0131k oldu\u011fu ho\u015fg\u00f6r\u00fc ve ortak ya\u015fam\u0131n korunmas\u0131 ve s\u00fcrd\u00fcr\u00fclmesi gerekti\u011fini belirtti. Suriye&#8217;nin &hellip;<\/p>\n","protected":false},"author":1,"featured_media":104286,"comment_status":"closed","ping_status":"closed","sticky":false,"template":"","format":"standard","meta":{"footnotes":""},"categories":[479,17988,478],"tags":[27416,17256,27373,27370,2297,24119,26547,19043],"class_list":["post-104249","post","type-post","status-publish","format-standard","has-post-thumbnail","","category-haberler-yerel","category-son-haberler","category-yerel","tag-belcika-hayeti","tag-bessar-el-esad","tag-filip-dewinter","tag-parlamenter-heyet","tag-sam-kirsali","tag-suriye-lideri","tag-suriye-ziyareti","tag-suriyede-son-durum"],"_links":{"self":[{"href":"https:\/\/archive.sana.sy\/tr\/index.php?rest_route=\/wp\/v2\/posts\/104249","targetHints":{"allow":["GET"]}}],"collection":[{"href":"https:\/\/archive.sana.sy\/tr\/index.php?rest_route=\/wp\/v2\/posts"}],"about":[{"href":"https:\/\/archive.sana.sy\/tr\/index.php?rest_route=\/wp\/v2\/types\/post"}],"author":[{"embeddable":true,"href":"https:\/\/archive.sana.sy\/tr\/index.php?rest_route=\/wp\/v2\/users\/1"}],"replies":[{"embeddable":true,"href":"https:\/\/archive.sana.sy\/tr\/index.php?rest_route=%2Fwp%2Fv2%2Fcomments&post=104249"}],"version-history":[{"count":0,"href":"https:\/\/archive.sana.sy\/tr\/index.php?rest_route=\/wp\/v2\/posts\/104249\/revisions"}],"wp:featuredmedia":[{"embeddable":true,"href":"https:\/\/archive.sana.sy\/tr\/index.php?rest_route=\/wp\/v2\/media\/104286"}],"wp:attachment":[{"href":"https:\/\/archive.sana.sy\/tr\/index.php?rest_route=%2Fwp%2Fv2%2Fmedia&parent=104249"}],"wp:term":[{"taxonomy":"category","embeddable":true,"href":"https:\/\/archive.sana.sy\/tr\/index.php?rest_route=%2Fwp%2Fv2%2Fcategories&post=104249"},{"taxonomy":"post_tag","embeddable":true,"href":"https:\/\/archive.sana.sy\/tr\/index.php?rest_route=%2Fwp%2Fv2%2Ftags&post=104249"}],"curies":[{"name":"wp","href":"https:\/\/api.w.org\/{rel}","templated":true}]}}