{"id":104256,"date":"2017-02-07T15:17:54","date_gmt":"2017-02-07T13:17:54","guid":{"rendered":"http:\/\/www.sana.sy\/tr\/?p=104256"},"modified":"2017-02-07T15:17:54","modified_gmt":"2017-02-07T13:17:54","slug":"halep-kirsalinin-dogusunda-askeri-kaynak-kveyris-havalimaninda-bulunan-vatan-koruyucularimizin-cabbul-golu-ortalarinda-yer-alan-havvara-tepesinde-bulunan-isidli-tum-radikal-teroristleri-ekipm","status":"publish","type":"post","link":"https:\/\/archive.sana.sy\/tr\/?p=104256","title":{"rendered":"Halep k\u0131rsal\u0131n\u0131n do\u011fusunda askeri kaynak Kveyris Havaliman\u0131nda bulunan vatan koruyucular\u0131m\u0131z\u0131n Cabbul G\u00f6l\u00fc ortalar\u0131nda yer alan Havvara Tepesinde bulunan I\u015e\u0130D\u2019li t\u00fcm radikal ter\u00f6ristleri ekipmanlar\u0131yla birlikte etkisiz hale getirdiklerini belirtirken, b\u00f6ylece stratejik \u00f6neme sahip tepe ve t\u00fcm g\u00f6l\u00fcn Suriye ordusunun kontrol\u00fcne ge\u00e7ti\u011fini belirtti"},"content":{"rendered":"<p>Halep k\u0131rsal\u0131n\u0131n do\u011fusunda askeri kaynak Kveyris Havaliman\u0131nda bulunan vatan koruyucular\u0131m\u0131z\u0131n Cabbul G\u00f6l\u00fc ortalar\u0131nda yer alan Havvara Tepesinde bulunan I\u015e\u0130D\u2019li t\u00fcm radikal ter\u00f6ristleri ekipmanlar\u0131yla birlikte etkisiz hale getirdiklerini belirtirken, b\u00f6ylece stratejik \u00f6neme sahip tepe ve t\u00fcm g\u00f6l\u00fcn Suriye ordusunun kontrol\u00fcne ge\u00e7ti\u011fini belirtti<\/p>\n","protected":false},"excerpt":{"rendered":"<p>Halep k\u0131rsal\u0131n\u0131n do\u011fusunda askeri kaynak Kveyris Havaliman\u0131nda bulunan vatan koruyucular\u0131m\u0131z\u0131n Cabbul G\u00f6l\u00fc ortalar\u0131nda yer alan Havvara Tepesinde bulunan I\u015e\u0130D\u2019li t\u00fcm radikal ter\u00f6ristleri ekipmanlar\u0131yla birlikte etkisiz hale getirdiklerini belirtirken, b\u00f6ylece stratejik \u00f6neme sahip tepe ve t\u00fcm g\u00f6l\u00fcn Suriye ordusunun kontrol\u00fcne ge\u00e7ti\u011fini belirtti<\/p>\n","protected":false},"author":1,"featured_media":0,"comment_status":"closed","ping_status":"closed","sticky":false,"template":"","format":"standard","meta":{"footnotes":""},"categories":[17991],"tags":[],"class_list":["post-104256","post","type-post","status-publish","format-standard","","category-son-dakika"],"_links":{"self":[{"href":"https:\/\/archive.sana.sy\/tr\/index.php?rest_route=\/wp\/v2\/posts\/104256","targetHints":{"allow":["GET"]}}],"collection":[{"href":"https:\/\/archive.sana.sy\/tr\/index.php?rest_route=\/wp\/v2\/posts"}],"about":[{"href":"https:\/\/archive.sana.sy\/tr\/index.php?rest_route=\/wp\/v2\/types\/post"}],"author":[{"embeddable":true,"href":"https:\/\/archive.sana.sy\/tr\/index.php?rest_route=\/wp\/v2\/users\/1"}],"replies":[{"embeddable":true,"href":"https:\/\/archive.sana.sy\/tr\/index.php?rest_route=%2Fwp%2Fv2%2Fcomments&post=104256"}],"version-history":[{"count":0,"href":"https:\/\/archive.sana.sy\/tr\/index.php?rest_route=\/wp\/v2\/posts\/104256\/revisions"}],"wp:attachment":[{"href":"https:\/\/archive.sana.sy\/tr\/index.php?rest_route=%2Fwp%2Fv2%2Fmedia&parent=104256"}],"wp:term":[{"taxonomy":"category","embeddable":true,"href":"https:\/\/archive.sana.sy\/tr\/index.php?rest_route=%2Fwp%2Fv2%2Fcategories&post=104256"},{"taxonomy":"post_tag","embeddable":true,"href":"https:\/\/archive.sana.sy\/tr\/index.php?rest_route=%2Fwp%2Fv2%2Ftags&post=104256"}],"curies":[{"name":"wp","href":"https:\/\/api.w.org\/{rel}","templated":true}]}}