{"id":104283,"date":"2017-02-08T11:09:19","date_gmt":"2017-02-08T09:09:19","guid":{"rendered":"http:\/\/www.sana.sy\/tr\/?p=104283"},"modified":"2017-02-08T13:39:57","modified_gmt":"2017-02-08T11:39:57","slug":"cumhurbaskani-el-esad-suriye-halk-meclisi-ile-koordinasyondan-sorumlu-dimitri-sablen-baskanliginda-suriyeyi-ziyaret-eden-rusya-duma-meclisinden-bir-heyeti-kabul-etti","status":"publish","type":"post","link":"https:\/\/archive.sana.sy\/tr\/?p=104283","title":{"rendered":"Cumhurba\u015fkan\u0131 el Esad; Suriye Halk Meclisi \u0130le Koordinasyondan Sorumlu Dimitri Sablen ba\u015fkanl\u0131\u011f\u0131nda Suriye&#8217;yi ziyaret eden Rusya Duma Meclisinden bir heyeti kabul etti"},"content":{"rendered":"<p>Cumhurba\u015fkan\u0131 el Esad; Suriye Halk Meclisi \u0130le Koordinasyondan Sorumlu Dimitri Sablen ba\u015fkanl\u0131\u011f\u0131nda Suriye&#8217;yi ziyaret eden Rusya Duma Meclisinden bir heyeti kabul etti<\/p>\n","protected":false},"excerpt":{"rendered":"<p>Cumhurba\u015fkan\u0131 el Esad; Suriye Halk Meclisi \u0130le Koordinasyondan Sorumlu Dimitri Sablen ba\u015fkanl\u0131\u011f\u0131nda Suriye&#8217;yi ziyaret eden Rusya Duma Meclisinden bir heyeti kabul etti<\/p>\n","protected":false},"author":1,"featured_media":0,"comment_status":"closed","ping_status":"closed","sticky":false,"template":"","format":"standard","meta":{"footnotes":""},"categories":[17991],"tags":[],"class_list":["post-104283","post","type-post","status-publish","format-standard","","category-son-dakika"],"_links":{"self":[{"href":"https:\/\/archive.sana.sy\/tr\/index.php?rest_route=\/wp\/v2\/posts\/104283","targetHints":{"allow":["GET"]}}],"collection":[{"href":"https:\/\/archive.sana.sy\/tr\/index.php?rest_route=\/wp\/v2\/posts"}],"about":[{"href":"https:\/\/archive.sana.sy\/tr\/index.php?rest_route=\/wp\/v2\/types\/post"}],"author":[{"embeddable":true,"href":"https:\/\/archive.sana.sy\/tr\/index.php?rest_route=\/wp\/v2\/users\/1"}],"replies":[{"embeddable":true,"href":"https:\/\/archive.sana.sy\/tr\/index.php?rest_route=%2Fwp%2Fv2%2Fcomments&post=104283"}],"version-history":[{"count":0,"href":"https:\/\/archive.sana.sy\/tr\/index.php?rest_route=\/wp\/v2\/posts\/104283\/revisions"}],"wp:attachment":[{"href":"https:\/\/archive.sana.sy\/tr\/index.php?rest_route=%2Fwp%2Fv2%2Fmedia&parent=104283"}],"wp:term":[{"taxonomy":"category","embeddable":true,"href":"https:\/\/archive.sana.sy\/tr\/index.php?rest_route=%2Fwp%2Fv2%2Fcategories&post=104283"},{"taxonomy":"post_tag","embeddable":true,"href":"https:\/\/archive.sana.sy\/tr\/index.php?rest_route=%2Fwp%2Fv2%2Ftags&post=104283"}],"curies":[{"name":"wp","href":"https:\/\/api.w.org\/{rel}","templated":true}]}}