{"id":104293,"date":"2017-02-08T12:00:15","date_gmt":"2017-02-08T10:00:15","guid":{"rendered":"http:\/\/www.sana.sy\/tr\/?p=104293"},"modified":"2017-02-08T12:44:48","modified_gmt":"2017-02-08T10:44:48","slug":"belcika-parlamenter-heyeti-sam-kirsali-malula-sadnaya-ve-kara-bolgelerini-ziyaret-etti","status":"publish","type":"post","link":"https:\/\/archive.sana.sy\/tr\/?p=104293","title":{"rendered":"Bel\u00e7ika parlamenter heyeti \u015eam k\u0131rsal\u0131 Malula, Sadnaya ve Kara b\u00f6lgelerini ziyaret etti"},"content":{"rendered":"<p>Bel\u00e7ika parlamenter heyeti \u015eam k\u0131rsal\u0131 Malula, Sadnaya ve Kara b\u00f6lgelerini ziyaret etti<\/p>\n<p>https:\/\/www.youtube.com\/watch?v=S3NrEbiPe10<\/p>\n","protected":false},"excerpt":{"rendered":"<p>Bel\u00e7ika parlamenter heyeti \u015eam k\u0131rsal\u0131 Malula, Sadnaya ve Kara b\u00f6lgelerini ziyaret etti https:\/\/www.youtube.com\/watch?v=S3NrEbiPe10<\/p>\n","protected":false},"author":1,"featured_media":104294,"comment_status":"closed","ping_status":"closed","sticky":false,"template":"","format":"standard","meta":{"footnotes":""},"categories":[18295],"tags":[27429,27430],"class_list":["post-104293","post","type-post","status-publish","format-standard","has-post-thumbnail","","category-sana-video","tag-belcika-parlamenter-heyeti-sam-kirsali-malula","tag-sadnaya-ve-kara-bolgelerini-ziyaret-etti"],"_links":{"self":[{"href":"https:\/\/archive.sana.sy\/tr\/index.php?rest_route=\/wp\/v2\/posts\/104293","targetHints":{"allow":["GET"]}}],"collection":[{"href":"https:\/\/archive.sana.sy\/tr\/index.php?rest_route=\/wp\/v2\/posts"}],"about":[{"href":"https:\/\/archive.sana.sy\/tr\/index.php?rest_route=\/wp\/v2\/types\/post"}],"author":[{"embeddable":true,"href":"https:\/\/archive.sana.sy\/tr\/index.php?rest_route=\/wp\/v2\/users\/1"}],"replies":[{"embeddable":true,"href":"https:\/\/archive.sana.sy\/tr\/index.php?rest_route=%2Fwp%2Fv2%2Fcomments&post=104293"}],"version-history":[{"count":0,"href":"https:\/\/archive.sana.sy\/tr\/index.php?rest_route=\/wp\/v2\/posts\/104293\/revisions"}],"wp:featuredmedia":[{"embeddable":true,"href":"https:\/\/archive.sana.sy\/tr\/index.php?rest_route=\/wp\/v2\/media\/104294"}],"wp:attachment":[{"href":"https:\/\/archive.sana.sy\/tr\/index.php?rest_route=%2Fwp%2Fv2%2Fmedia&parent=104293"}],"wp:term":[{"taxonomy":"category","embeddable":true,"href":"https:\/\/archive.sana.sy\/tr\/index.php?rest_route=%2Fwp%2Fv2%2Fcategories&post=104293"},{"taxonomy":"post_tag","embeddable":true,"href":"https:\/\/archive.sana.sy\/tr\/index.php?rest_route=%2Fwp%2Fv2%2Ftags&post=104293"}],"curies":[{"name":"wp","href":"https:\/\/api.w.org\/{rel}","templated":true}]}}