{"id":104319,"date":"2017-02-08T08:30:20","date_gmt":"2017-02-08T06:30:20","guid":{"rendered":"http:\/\/www.sana.sy\/tr\/?p=104319"},"modified":"2017-02-09T14:38:55","modified_gmt":"2017-02-09T12:38:55","slug":"teroru-reddeden-tum-taraflar-katilmali","status":"publish","type":"post","link":"https:\/\/archive.sana.sy\/tr\/?p=104319","title":{"rendered":"Ter\u00f6r\u00fc Reddeden T\u00fcm Taraflar Kat\u0131lmal\u0131"},"content":{"rendered":"<p>AMMAN \u2013 M\u0131s\u0131r D\u0131\u015fi\u015fleri Bakan\u0131 Samih \u015e\u00fckr\u00fc ve \u00dcrd\u00fcnl\u00fc mevkida\u015f\u0131 Eyman el Safadi Suriye&#8217;deki krize Suriye&#8217;nin toprak b\u00fct\u00fcnl\u00fc\u011f\u00fc ve selametini koruyacak siyasi bir \u00e7\u00f6z\u00fcm sa\u011flanmas\u0131 gere\u011finin alt\u0131n\u0131 \u00e7izdi.<\/p>\n<p>M\u0131s\u0131r D\u0131\u015fi\u015fleri Bakanl\u0131\u011f\u0131 resmi s\u00f6zc\u00fcs\u00fc Ahmet Ebu Zeyd bug\u00fcn yay\u0131nlad\u0131\u011f\u0131 b\u00fcltende; \u015e\u00fckr\u00fc ve Safadi aras\u0131nda bug\u00fcn \u00dcrd\u00fcn\u2019\u00fcn ba\u015fkenti Amman\u2019da ger\u00e7ekle\u015fen g\u00f6r\u00fc\u015fmede; Suriye&#8217;de \u00e7at\u0131\u015fmalar\u0131n durdurulmas\u0131 anla\u015fmas\u0131n\u0131n per\u00e7inle\u015ftirilmesi y\u00f6n\u00fcnde yap\u0131lan temaslar\u0131n sonu\u00e7lar\u0131n\u0131 de\u011ferlendirdi\u011fini ifade etti. B\u00fcltende iki bakan\u0131n ayn\u0131 zamanda Cenevre&#8217;de BM g\u00f6zetimi alt\u0131nda Suriyeliler aras\u0131ndaki diyalog g\u00f6r\u00fc\u015fmelerinin yeniden ba\u015flat\u0131lmas\u0131 ama\u00e7l\u0131 \u00e7abalar\u0131 da ele ald\u0131klar\u0131 kaydedildi.<\/p>\n<p>\u015e\u00fckr\u00fc ve Safadi\u2019nin Suriyeliler aras\u0131nda yap\u0131lacak yeni tur g\u00f6r\u00fc\u015fmelerinde ter\u00f6re kar\u015f\u0131 olan istisnas\u0131z t\u00fcm taraflar\u0131n kat\u0131lmas\u0131 gere\u011finin alt\u0131n\u0131 \u00e7izdikleri ifade edilen b\u00fcltende; iki bakan\u0131n Filistin davas\u0131na ilaveten Yemen, Libya ve Irak\u2019taki durumlar\u0131 da de\u011ferlendirdikleri ifade edildi.<\/p>\n","protected":false},"excerpt":{"rendered":"<p>AMMAN \u2013 M\u0131s\u0131r D\u0131\u015fi\u015fleri Bakan\u0131 Samih \u015e\u00fckr\u00fc ve \u00dcrd\u00fcnl\u00fc mevkida\u015f\u0131 Eyman el Safadi Suriye&#8217;deki krize Suriye&#8217;nin toprak b\u00fct\u00fcnl\u00fc\u011f\u00fc ve selametini koruyacak siyasi bir \u00e7\u00f6z\u00fcm sa\u011flanmas\u0131 gere\u011finin alt\u0131n\u0131 \u00e7izdi. M\u0131s\u0131r D\u0131\u015fi\u015fleri Bakanl\u0131\u011f\u0131 resmi s\u00f6zc\u00fcs\u00fc Ahmet Ebu Zeyd bug\u00fcn yay\u0131nlad\u0131\u011f\u0131 b\u00fcltende; \u015e\u00fckr\u00fc ve Safadi aras\u0131nda bug\u00fcn \u00dcrd\u00fcn\u2019\u00fcn ba\u015fkenti Amman\u2019da ger\u00e7ekle\u015fen g\u00f6r\u00fc\u015fmede; Suriye&#8217;de \u00e7at\u0131\u015fmalar\u0131n durdurulmas\u0131 anla\u015fmas\u0131n\u0131n per\u00e7inle\u015ftirilmesi y\u00f6n\u00fcnde &hellip;<\/p>\n","protected":false},"author":1,"featured_media":104320,"comment_status":"closed","ping_status":"closed","sticky":false,"template":"","format":"standard","meta":{"footnotes":""},"categories":[458,459,17988],"tags":[19199,27440,1302,20353,18574,23928,19043,27439,5615],"class_list":["post-104319","post","type-post","status-publish","format-standard","has-post-thumbnail","","category-dunya1","category-haberler-arap-uluslararasi-politika","category-son-haberler","tag-disisleri-bakani","tag-eyman-safadi","tag-misir","tag-samih-sukru","tag-suriye-krizi","tag-suriyede-cozum","tag-suriyede-son-durum","tag-teroru-reddeden-tum-taraflar-katilmali","tag-urdun"],"_links":{"self":[{"href":"https:\/\/archive.sana.sy\/tr\/index.php?rest_route=\/wp\/v2\/posts\/104319","targetHints":{"allow":["GET"]}}],"collection":[{"href":"https:\/\/archive.sana.sy\/tr\/index.php?rest_route=\/wp\/v2\/posts"}],"about":[{"href":"https:\/\/archive.sana.sy\/tr\/index.php?rest_route=\/wp\/v2\/types\/post"}],"author":[{"embeddable":true,"href":"https:\/\/archive.sana.sy\/tr\/index.php?rest_route=\/wp\/v2\/users\/1"}],"replies":[{"embeddable":true,"href":"https:\/\/archive.sana.sy\/tr\/index.php?rest_route=%2Fwp%2Fv2%2Fcomments&post=104319"}],"version-history":[{"count":0,"href":"https:\/\/archive.sana.sy\/tr\/index.php?rest_route=\/wp\/v2\/posts\/104319\/revisions"}],"wp:featuredmedia":[{"embeddable":true,"href":"https:\/\/archive.sana.sy\/tr\/index.php?rest_route=\/wp\/v2\/media\/104320"}],"wp:attachment":[{"href":"https:\/\/archive.sana.sy\/tr\/index.php?rest_route=%2Fwp%2Fv2%2Fmedia&parent=104319"}],"wp:term":[{"taxonomy":"category","embeddable":true,"href":"https:\/\/archive.sana.sy\/tr\/index.php?rest_route=%2Fwp%2Fv2%2Fcategories&post=104319"},{"taxonomy":"post_tag","embeddable":true,"href":"https:\/\/archive.sana.sy\/tr\/index.php?rest_route=%2Fwp%2Fv2%2Ftags&post=104319"}],"curies":[{"name":"wp","href":"https:\/\/api.w.org\/{rel}","templated":true}]}}