{"id":104322,"date":"2017-02-08T09:00:59","date_gmt":"2017-02-08T07:00:59","guid":{"rendered":"http:\/\/www.sana.sy\/tr\/?p=104322"},"modified":"2017-02-08T17:19:10","modified_gmt":"2017-02-08T15:19:10","slug":"teroristler-araca-ates-acti","status":"publish","type":"post","link":"https:\/\/archive.sana.sy\/tr\/?p=104322","title":{"rendered":"Ter\u00f6ristler Araca Ate\u015f A\u00e7t\u0131"},"content":{"rendered":"<p>S\u00dcVEYDA \u2013 S\u00fcveyda k\u0131rsal\u0131n\u0131n kuzeyi Ku Hadar B\u00f6lgesinde ter\u00f6ristlerin a\u00e7t\u0131klar\u0131 ate\u015f sonucunda iki ki\u015fi \u015fehit d\u00fc\u015ft\u00fc.<\/p>\n<p>S\u00fcveyda Valili\u011finde bir kaynak SANA\u2019ya a\u00e7\u0131klamas\u0131nda; eli kanl\u0131 ter\u00f6ristlerin yoldan ge\u00e7en bir araca ate\u015f a\u00e7malar\u0131yla ara\u00e7ta bulunan iki ki\u015finin \u015fehit olduklar\u0131n\u0131 s\u00f6yledi.<\/p>\n","protected":false},"excerpt":{"rendered":"<p>S\u00dcVEYDA \u2013 S\u00fcveyda k\u0131rsal\u0131n\u0131n kuzeyi Ku Hadar B\u00f6lgesinde ter\u00f6ristlerin a\u00e7t\u0131klar\u0131 ate\u015f sonucunda iki ki\u015fi \u015fehit d\u00fc\u015ft\u00fc. S\u00fcveyda Valili\u011finde bir kaynak SANA\u2019ya a\u00e7\u0131klamas\u0131nda; eli kanl\u0131 ter\u00f6ristlerin yoldan ge\u00e7en bir araca ate\u015f a\u00e7malar\u0131yla ara\u00e7ta bulunan iki ki\u015finin \u015fehit olduklar\u0131n\u0131 s\u00f6yledi.<\/p>\n","protected":false},"author":1,"featured_media":104323,"comment_status":"closed","ping_status":"closed","sticky":false,"template":"","format":"standard","meta":{"footnotes":""},"categories":[479,575,17988,478],"tags":[27442,27441,18237,18723,19043,2930],"class_list":["post-104322","post","type-post","status-publish","format-standard","has-post-thumbnail","","category-haberler-yerel","category-olaylar-ve-gercekler","category-son-haberler","category-yerel","tag-araci-taradilar","tag-ates-actilar","tag-cihatcilar","tag-muhalifler","tag-suriyede-son-durum","tag-teroristler"],"_links":{"self":[{"href":"https:\/\/archive.sana.sy\/tr\/index.php?rest_route=\/wp\/v2\/posts\/104322","targetHints":{"allow":["GET"]}}],"collection":[{"href":"https:\/\/archive.sana.sy\/tr\/index.php?rest_route=\/wp\/v2\/posts"}],"about":[{"href":"https:\/\/archive.sana.sy\/tr\/index.php?rest_route=\/wp\/v2\/types\/post"}],"author":[{"embeddable":true,"href":"https:\/\/archive.sana.sy\/tr\/index.php?rest_route=\/wp\/v2\/users\/1"}],"replies":[{"embeddable":true,"href":"https:\/\/archive.sana.sy\/tr\/index.php?rest_route=%2Fwp%2Fv2%2Fcomments&post=104322"}],"version-history":[{"count":0,"href":"https:\/\/archive.sana.sy\/tr\/index.php?rest_route=\/wp\/v2\/posts\/104322\/revisions"}],"wp:featuredmedia":[{"embeddable":true,"href":"https:\/\/archive.sana.sy\/tr\/index.php?rest_route=\/wp\/v2\/media\/104323"}],"wp:attachment":[{"href":"https:\/\/archive.sana.sy\/tr\/index.php?rest_route=%2Fwp%2Fv2%2Fmedia&parent=104322"}],"wp:term":[{"taxonomy":"category","embeddable":true,"href":"https:\/\/archive.sana.sy\/tr\/index.php?rest_route=%2Fwp%2Fv2%2Fcategories&post=104322"},{"taxonomy":"post_tag","embeddable":true,"href":"https:\/\/archive.sana.sy\/tr\/index.php?rest_route=%2Fwp%2Fv2%2Ftags&post=104322"}],"curies":[{"name":"wp","href":"https:\/\/api.w.org\/{rel}","templated":true}]}}