{"id":104328,"date":"2017-02-08T17:05:11","date_gmt":"2017-02-08T15:05:11","guid":{"rendered":"http:\/\/www.sana.sy\/tr\/?p=104328"},"modified":"2017-02-10T13:01:13","modified_gmt":"2017-02-10T11:01:13","slug":"durumlar-suriye-ve-rusyanin-istedigi-gibi-ilerliyor","status":"publish","type":"post","link":"https:\/\/archive.sana.sy\/tr\/?p=104328","title":{"rendered":"Durumlar Suriye ve Rusya&#8217;n\u0131n \u0130stedi\u011fi Gibi \u0130lerliyor (video)"},"content":{"rendered":"<p>\u015eAM \u2013 Cumhurba\u015fkan\u0131 Be\u015f\u015far el Esad; Suriye Halk Meclisi \u0130le Koordinasyondan Sorumlu Dimitri Sablen ba\u015fkanl\u0131\u011f\u0131nda Suriye&#8217;yi ziyaret eden Rusya Duma Meclisinden bir heyeti kabul etti.<\/p>\n<p><a href=\"http:\/\/www.sana.sy\/tr\/wp-content\/uploads\/2017\/02\/Esad-2-2.jpg\"><img loading=\"lazy\" decoding=\"async\" class=\"alignright wp-image-104331 size-medium\" src=\"http:\/\/www.sana.sy\/tr\/wp-content\/uploads\/2017\/02\/Esad-2-2-300x133.jpg\" width=\"300\" height=\"133\" srcset=\"https:\/\/archive.sana.sy\/tr\/wp-content\/uploads\/2017\/02\/Esad-2-2-300x133.jpg 300w, https:\/\/archive.sana.sy\/tr\/wp-content\/uploads\/2017\/02\/Esad-2-2-150x67.jpg 150w, https:\/\/archive.sana.sy\/tr\/wp-content\/uploads\/2017\/02\/Esad-2-2-768x340.jpg 768w, https:\/\/archive.sana.sy\/tr\/wp-content\/uploads\/2017\/02\/Esad-2-2-1024x454.jpg 1024w\" sizes=\"auto, (max-width: 300px) 100vw, 300px\" \/><\/a>Suriye&#8217;deki son geli\u015fmeler ve iki dost \u00fclke aras\u0131ndaki ili\u015fkilerin ele al\u0131nd\u0131\u011f\u0131 g\u00f6r\u00fc\u015fmede; ikili ili\u015fkileri ter\u00f6re kar\u015f\u0131 sava\u015f\u0131n yan\u0131 s\u0131ra Suriye ve halk\u0131na kar\u015f\u0131 dayat\u0131lan sava\u015f\u0131n yol a\u00e7t\u0131\u011f\u0131 y\u0131k\u0131m\u0131 onarma ve yeniden yap\u0131land\u0131rma alan\u0131nda geli\u015ftirme olanaklar\u0131 masaya yat\u0131r\u0131ld\u0131.<\/p>\n<p>Rus konuk heyet \u00fcyeleri; Rusya halk\u0131n\u0131n ter\u00f6re kar\u015f\u0131 sava\u015f\u0131nda Suriye halk\u0131n\u0131 destekledi\u011fi ve Ba\u015fkan Vladimir Putin\u2019in bu ba\u011flamdaki kararlar\u0131n\u0131 onaylad\u0131\u011f\u0131n\u0131 ifade etti. Heyet \u00fcyeleri Suriye&#8217;de ter\u00f6re kar\u015f\u0131 sava\u015f\u0131n sonu\u00e7lar\u0131n\u0131n sadece Suriye&#8217;yi de\u011fil, Rusya ve t\u00fcm d\u00fcnyay\u0131 etkileyece\u011finin alt\u0131n\u0131 \u00e7izdi.<\/p>\n<p><a href=\"http:\/\/www.sana.sy\/tr\/wp-content\/uploads\/2017\/02\/Esad-3-1.jpg\"><img loading=\"lazy\" decoding=\"async\" class=\"alignright wp-image-104334 size-medium\" src=\"http:\/\/www.sana.sy\/tr\/wp-content\/uploads\/2017\/02\/Esad-3-1-300x133.jpg\" width=\"300\" height=\"133\" srcset=\"https:\/\/archive.sana.sy\/tr\/wp-content\/uploads\/2017\/02\/Esad-3-1-300x133.jpg 300w, https:\/\/archive.sana.sy\/tr\/wp-content\/uploads\/2017\/02\/Esad-3-1-150x66.jpg 150w, https:\/\/archive.sana.sy\/tr\/wp-content\/uploads\/2017\/02\/Esad-3-1-768x339.jpg 768w, https:\/\/archive.sana.sy\/tr\/wp-content\/uploads\/2017\/02\/Esad-3-1-1024x452.jpg 1024w\" sizes=\"auto, (max-width: 300px) 100vw, 300px\" \/><\/a>Rusya&#8217;n\u0131n; maruz kald\u0131\u011f\u0131 ter\u00f6r sava\u015f\u0131 nedeniyle ac\u0131lar\u0131n\u0131 hafifletme amac\u0131yla Suriye ve halk\u0131na insani yard\u0131mlar\u0131n\u0131 s\u00fcrd\u00fcrme \u00f6zenine de dikkat \u00e7eken heyet \u00fcyeleri; Suriye ve halk\u0131n\u0131n ac\u0131lar\u0131na son vermekle birlikte g\u00fcvenlik ve istikrar\u0131n yeniden sa\u011flanmas\u0131 y\u00f6n\u00fcnde t\u00fcm \u00e7abalar\u0131n yo\u011funla\u015ft\u0131r\u0131lmas\u0131 ve birle\u015ftirilmesi gere\u011fini kaydettiler.<\/p>\n<p>G\u00f6r\u00fc\u015fmede el Esad Suriye&#8217;nin ter\u00f6r \u00f6rg\u00fctlere kar\u015f\u0131 sava\u015f\u0131nda sa\u011flad\u0131\u011f\u0131 destek ve bulundu\u011fu \u00f6zverilerinden dolay\u0131 Rusya&#8217;ya takdirlerini ifade etti.<\/p>\n<p><a href=\"http:\/\/www.sana.sy\/tr\/wp-content\/uploads\/2017\/02\/Esad-1-2.jpg\"><img loading=\"lazy\" decoding=\"async\" class=\"alignright wp-image-104335 size-medium\" src=\"http:\/\/www.sana.sy\/tr\/wp-content\/uploads\/2017\/02\/Esad-1-2-300x175.jpg\" width=\"300\" height=\"175\" srcset=\"https:\/\/archive.sana.sy\/tr\/wp-content\/uploads\/2017\/02\/Esad-1-2-300x175.jpg 300w, https:\/\/archive.sana.sy\/tr\/wp-content\/uploads\/2017\/02\/Esad-1-2-150x87.jpg 150w, https:\/\/archive.sana.sy\/tr\/wp-content\/uploads\/2017\/02\/Esad-1-2-768x447.jpg 768w, https:\/\/archive.sana.sy\/tr\/wp-content\/uploads\/2017\/02\/Esad-1-2-1024x596.jpg 1024w\" sizes=\"auto, (max-width: 300px) 100vw, 300px\" \/><\/a>El Esad Rusya&#8217;n\u0131n; gerek Suriye&#8217;de gerekse uluslar aras\u0131 platformlarda bat\u0131l\u0131 devletlerin hegemonyac\u0131 ve s\u00f6m\u00fcr\u00fcc\u00fc planlar\u0131na kar\u015f\u0131 m\u00fccadelede tak\u0131nd\u0131\u011f\u0131 tutum ve egemenli\u011fine, ba\u011f\u0131ms\u0131zl\u0131\u011f\u0131na ve halklar\u0131n\u0131n \u00e7\u0131karlar\u0131na tutunan devletlerden yana tutumunu \u00f6vd\u00fc.<\/p>\n<p>Suriye&#8217;deki durumlar\u0131n Suriye ve Rusya&#8217;n\u0131n istedi\u011fi y\u00f6nde ilerledi\u011fine dikkat \u00e7eken el Esad; Suriye halk\u0131n\u0131n vatan\u0131n\u0131 savunma ve ulusal uzla\u015fmalarda ilerleme kararl\u0131l\u0131\u011f\u0131 ve azminde oldu\u011funun alt\u0131n\u0131 \u00e7izdi. El Esad; Suriye&#8217;de sava\u015fa son verme ve siyasi \u00e7\u00f6z\u00fcm sa\u011flanmas\u0131nda en ba\u015far\u0131l\u0131 yolun bu oldu\u011funu kaydetti.<\/p>\n<div style=\"width: 618px;\" class=\"wp-video\"><!--[if lt IE 9]><script>document.createElement('video');<\/script><![endif]-->\n<video class=\"wp-video-shortcode\" id=\"video-104328-1\" width=\"618\" height=\"348\" preload=\"metadata\" controls=\"controls\"><source type=\"video\/mp4\" src=\"http:\/\/www.sana.sy\/tr\/wp-content\/uploads\/2017\/02\/El-Esad-Rus-Heyeti-Kabul-Etti.mp4?_=1\" \/><a href=\"http:\/\/www.sana.sy\/tr\/wp-content\/uploads\/2017\/02\/El-Esad-Rus-Heyeti-Kabul-Etti.mp4\">http:\/\/www.sana.sy\/tr\/wp-content\/uploads\/2017\/02\/El-Esad-Rus-Heyeti-Kabul-Etti.mp4<\/a><\/video><\/div>\n<p><span style=\"color: #0000ff\">G\u00f6r\u00fc\u015fme Olumlu ve \u0130yiydi<\/span><\/p>\n<p>Rusya Duma Meclisinden bir heyetin ba\u015fkanl\u0131\u011f\u0131nda Suriye&#8217;yi ziyaret eden Rusya Duma Meclisi ve Suriye Halk Meclisi aras\u0131nda koordinasyondan sorumlu Dimitri Sablen Cumhurba\u015fkan\u0131 el Esad ile g\u00f6r\u00fc\u015fmesi ard\u0131ndan SANA\u2019ya a\u00e7\u0131klama yapt\u0131.<\/p>\n<p>Sablen heyetin el Esad ile g\u00f6r\u00fc\u015fmesini olumlu ve g\u00fczel olarak nitelendirirken, siyasi ve ekonomik d\u00fczeyde iki \u00fclke aras\u0131ndaki ileti\u015fimin yan\u0131 s\u0131ra sa\u011fl\u0131k ve \u00f6\u011fretim alanlar\u0131nda deneyim al\u0131\u015fveri\u015fi arac\u0131l\u0131\u011f\u0131 ile i\u015fbirli\u011fi meselelerinin ele al\u0131nd\u0131\u011f\u0131n\u0131 belirtti.<\/p>\n<p>Suriye&#8217;de durumlar\u0131 g\u00fczel ve umut verici olarak nitelendiren Sablen, ter\u00f6r\u00fcn bertaraf edilmesinde b\u00fcy\u00fck bir umut verdi\u011fini kaydetti.<\/p>\n<p>&nbsp;<\/p>\n","protected":false},"excerpt":{"rendered":"<p>\u015eAM \u2013 Cumhurba\u015fkan\u0131 Be\u015f\u015far el Esad; Suriye Halk Meclisi \u0130le Koordinasyondan Sorumlu Dimitri Sablen ba\u015fkanl\u0131\u011f\u0131nda Suriye&#8217;yi ziyaret eden Rusya Duma Meclisinden bir heyeti kabul etti. Suriye&#8217;deki son geli\u015fmeler ve iki dost \u00fclke aras\u0131ndaki ili\u015fkilerin ele al\u0131nd\u0131\u011f\u0131 g\u00f6r\u00fc\u015fmede; ikili ili\u015fkileri ter\u00f6re kar\u015f\u0131 sava\u015f\u0131n yan\u0131 s\u0131ra Suriye ve halk\u0131na kar\u015f\u0131 dayat\u0131lan sava\u015f\u0131n yol a\u00e7t\u0131\u011f\u0131 y\u0131k\u0131m\u0131 onarma ve &hellip;<\/p>\n","protected":false},"author":1,"featured_media":104329,"comment_status":"closed","ping_status":"closed","sticky":false,"template":"","format":"standard","meta":{"footnotes":""},"categories":[608,479,605,17988,478],"tags":[17256,8767,27422,17750,24083,24119,4625,19043],"class_list":["post-104328","post","type-post","status-publish","format-standard","has-post-thumbnail","","category-etkinlikler","category-haberler-yerel","category-sayin-cumhurbaskani","category-son-haberler","category-yerel","tag-bessar-el-esad","tag-cumhurbaskani","tag-dimitri-sablen","tag-rusya-duma-meclisi","tag-suriye-baskani","tag-suriye-lideri","tag-suriye-ve-rusya","tag-suriyede-son-durum"],"_links":{"self":[{"href":"https:\/\/archive.sana.sy\/tr\/index.php?rest_route=\/wp\/v2\/posts\/104328","targetHints":{"allow":["GET"]}}],"collection":[{"href":"https:\/\/archive.sana.sy\/tr\/index.php?rest_route=\/wp\/v2\/posts"}],"about":[{"href":"https:\/\/archive.sana.sy\/tr\/index.php?rest_route=\/wp\/v2\/types\/post"}],"author":[{"embeddable":true,"href":"https:\/\/archive.sana.sy\/tr\/index.php?rest_route=\/wp\/v2\/users\/1"}],"replies":[{"embeddable":true,"href":"https:\/\/archive.sana.sy\/tr\/index.php?rest_route=%2Fwp%2Fv2%2Fcomments&post=104328"}],"version-history":[{"count":0,"href":"https:\/\/archive.sana.sy\/tr\/index.php?rest_route=\/wp\/v2\/posts\/104328\/revisions"}],"wp:featuredmedia":[{"embeddable":true,"href":"https:\/\/archive.sana.sy\/tr\/index.php?rest_route=\/wp\/v2\/media\/104329"}],"wp:attachment":[{"href":"https:\/\/archive.sana.sy\/tr\/index.php?rest_route=%2Fwp%2Fv2%2Fmedia&parent=104328"}],"wp:term":[{"taxonomy":"category","embeddable":true,"href":"https:\/\/archive.sana.sy\/tr\/index.php?rest_route=%2Fwp%2Fv2%2Fcategories&post=104328"},{"taxonomy":"post_tag","embeddable":true,"href":"https:\/\/archive.sana.sy\/tr\/index.php?rest_route=%2Fwp%2Fv2%2Ftags&post=104328"}],"curies":[{"name":"wp","href":"https:\/\/api.w.org\/{rel}","templated":true}]}}