{"id":10434,"date":"2014-09-18T17:28:32","date_gmt":"2014-09-18T14:28:32","guid":{"rendered":"http:\/\/www.sana.sy\/tr\/?p=10434"},"modified":"2014-09-18T17:30:06","modified_gmt":"2014-09-18T14:30:06","slug":"sporcularimiz-g-kore-asya-turnuvasina-katiliyor","status":"publish","type":"post","link":"https:\/\/archive.sana.sy\/tr\/?p=10434","title":{"rendered":"Sporcular\u0131m\u0131z G.Kore Asya Turnuvas\u0131na Kat\u0131l\u0131yor"},"content":{"rendered":"<p>\u015eAM \u2013 Suriyeli sporcular\u0131n kat\u0131l\u0131m\u0131yla yar\u0131n G\u00fcney Kore Incheon\u2019da Asia Oyunlar\u0131 Turnuvas\u0131, 45 \u00fclkeden 10 bin sporcunun kat\u0131l\u0131m\u0131yla ba\u015fl\u0131yor.<\/p>\n<p>36 spor dal\u0131nda 439 yar\u0131\u015fta 16 g\u00fcn boyunca yar\u0131\u015facak olan sporcular\u0131n aras\u0131nda 30 sporcumuz 10 oyunda rekabet edecek.<\/p>\n<p>Bu, Suriye\u2019nin Asya Oyunlar\u0131 Turnuvas\u0131na dokuzuncu kat\u0131l\u0131m\u0131d\u0131r. \u0130lk defa 1978\u2019ta kat\u0131lm\u0131\u015ft\u0131. Kat\u0131l\u0131mlar\u0131 s\u0131ras\u0131nda bir s\u00fcr\u00fc alt\u0131n, g\u00fcm\u00fc\u015f ve bronz madalyas\u0131 kazanm\u0131\u015ft\u0131.<\/p>\n","protected":false},"excerpt":{"rendered":"<p>\u015eAM \u2013 Suriyeli sporcular\u0131n kat\u0131l\u0131m\u0131yla yar\u0131n G\u00fcney Kore Incheon\u2019da Asia Oyunlar\u0131 Turnuvas\u0131, 45 \u00fclkeden 10 bin sporcunun kat\u0131l\u0131m\u0131yla ba\u015fl\u0131yor. 36 spor dal\u0131nda 439 yar\u0131\u015fta 16 g\u00fcn boyunca yar\u0131\u015facak olan sporcular\u0131n aras\u0131nda 30 sporcumuz 10 oyunda rekabet edecek. Bu, Suriye\u2019nin Asya Oyunlar\u0131 Turnuvas\u0131na dokuzuncu kat\u0131l\u0131m\u0131d\u0131r. \u0130lk defa 1978\u2019ta kat\u0131lm\u0131\u015ft\u0131. Kat\u0131l\u0131mlar\u0131 s\u0131ras\u0131nda bir s\u00fcr\u00fc alt\u0131n, g\u00fcm\u00fc\u015f ve &hellip;<\/p>\n","protected":false},"author":1,"featured_media":10435,"comment_status":"closed","ping_status":"closed","sticky":false,"template":"","format":"standard","meta":{"footnotes":""},"categories":[498,496],"tags":[2415],"class_list":["post-10434","post","type-post","status-publish","format-standard","has-post-thumbnail","","category-dunya-turnuvalari","category-spor","tag-sporcularimiz-g-kore-asya-turnuvasina-katiliyor"],"_links":{"self":[{"href":"https:\/\/archive.sana.sy\/tr\/index.php?rest_route=\/wp\/v2\/posts\/10434","targetHints":{"allow":["GET"]}}],"collection":[{"href":"https:\/\/archive.sana.sy\/tr\/index.php?rest_route=\/wp\/v2\/posts"}],"about":[{"href":"https:\/\/archive.sana.sy\/tr\/index.php?rest_route=\/wp\/v2\/types\/post"}],"author":[{"embeddable":true,"href":"https:\/\/archive.sana.sy\/tr\/index.php?rest_route=\/wp\/v2\/users\/1"}],"replies":[{"embeddable":true,"href":"https:\/\/archive.sana.sy\/tr\/index.php?rest_route=%2Fwp%2Fv2%2Fcomments&post=10434"}],"version-history":[{"count":0,"href":"https:\/\/archive.sana.sy\/tr\/index.php?rest_route=\/wp\/v2\/posts\/10434\/revisions"}],"wp:featuredmedia":[{"embeddable":true,"href":"https:\/\/archive.sana.sy\/tr\/index.php?rest_route=\/wp\/v2\/media\/10435"}],"wp:attachment":[{"href":"https:\/\/archive.sana.sy\/tr\/index.php?rest_route=%2Fwp%2Fv2%2Fmedia&parent=10434"}],"wp:term":[{"taxonomy":"category","embeddable":true,"href":"https:\/\/archive.sana.sy\/tr\/index.php?rest_route=%2Fwp%2Fv2%2Fcategories&post=10434"},{"taxonomy":"post_tag","embeddable":true,"href":"https:\/\/archive.sana.sy\/tr\/index.php?rest_route=%2Fwp%2Fv2%2Ftags&post=10434"}],"curies":[{"name":"wp","href":"https:\/\/api.w.org\/{rel}","templated":true}]}}