{"id":104422,"date":"2017-02-09T08:38:02","date_gmt":"2017-02-09T06:38:02","guid":{"rendered":"http:\/\/www.sana.sy\/tr\/?p=104422"},"modified":"2017-02-09T15:38:40","modified_gmt":"2017-02-09T13:38:40","slug":"askeri-kaynak-ordu-birliklerimizin-homs-ilinin-dogusunda-isidi-agir-kayiplara-ugratmaya-devam-ettigini-ifade-ederken-beyyarat-bolgesinde-yer-alan-dogu-bayda-beldesini-kontrollerine-gecirdikle","status":"publish","type":"post","link":"https:\/\/archive.sana.sy\/tr\/?p=104422","title":{"rendered":"Askeri kaynak ordu birliklerimizin Homs \u0130linin do\u011fusunda I\u015e\u0130D\u2019i a\u011f\u0131r kay\u0131plara u\u011fratmaya devam etti\u011fini ifade ederken Beyyarat B\u00f6lgesinde yer alan Do\u011fu Bayda Beldesini kontrollerine ge\u00e7irdiklerini belirtti"},"content":{"rendered":"<p>Askeri kaynak ordu birliklerimizin Homs \u0130linin do\u011fusunda I\u015e\u0130D\u2019i a\u011f\u0131r kay\u0131plara u\u011fratmaya devam etti\u011fini ifade ederken Beyyarat B\u00f6lgesinde yer alan Do\u011fu Bayda Beldesini kontrollerine ge\u00e7irdiklerini belirtti<\/p>\n","protected":false},"excerpt":{"rendered":"<p>Askeri kaynak ordu birliklerimizin Homs \u0130linin do\u011fusunda I\u015e\u0130D\u2019i a\u011f\u0131r kay\u0131plara u\u011fratmaya devam etti\u011fini ifade ederken Beyyarat B\u00f6lgesinde yer alan Do\u011fu Bayda Beldesini kontrollerine ge\u00e7irdiklerini belirtti<\/p>\n","protected":false},"author":1,"featured_media":0,"comment_status":"closed","ping_status":"closed","sticky":false,"template":"","format":"standard","meta":{"footnotes":""},"categories":[17991],"tags":[],"class_list":["post-104422","post","type-post","status-publish","format-standard","","category-son-dakika"],"_links":{"self":[{"href":"https:\/\/archive.sana.sy\/tr\/index.php?rest_route=\/wp\/v2\/posts\/104422","targetHints":{"allow":["GET"]}}],"collection":[{"href":"https:\/\/archive.sana.sy\/tr\/index.php?rest_route=\/wp\/v2\/posts"}],"about":[{"href":"https:\/\/archive.sana.sy\/tr\/index.php?rest_route=\/wp\/v2\/types\/post"}],"author":[{"embeddable":true,"href":"https:\/\/archive.sana.sy\/tr\/index.php?rest_route=\/wp\/v2\/users\/1"}],"replies":[{"embeddable":true,"href":"https:\/\/archive.sana.sy\/tr\/index.php?rest_route=%2Fwp%2Fv2%2Fcomments&post=104422"}],"version-history":[{"count":0,"href":"https:\/\/archive.sana.sy\/tr\/index.php?rest_route=\/wp\/v2\/posts\/104422\/revisions"}],"wp:attachment":[{"href":"https:\/\/archive.sana.sy\/tr\/index.php?rest_route=%2Fwp%2Fv2%2Fmedia&parent=104422"}],"wp:term":[{"taxonomy":"category","embeddable":true,"href":"https:\/\/archive.sana.sy\/tr\/index.php?rest_route=%2Fwp%2Fv2%2Fcategories&post=104422"},{"taxonomy":"post_tag","embeddable":true,"href":"https:\/\/archive.sana.sy\/tr\/index.php?rest_route=%2Fwp%2Fv2%2Ftags&post=104422"}],"curies":[{"name":"wp","href":"https:\/\/api.w.org\/{rel}","templated":true}]}}