{"id":104432,"date":"2017-02-09T16:00:48","date_gmt":"2017-02-09T14:00:48","guid":{"rendered":"http:\/\/www.sana.sy\/tr\/?p=104432"},"modified":"2017-02-09T16:04:21","modified_gmt":"2017-02-09T14:04:21","slug":"eli-kanli-teroristlerin-homs-kentinin-zehra-semti-meydaninda-yerlestirdikleri-bir-bomba-duzenegini-havaya-ucurmalari-sonucunda-3-vatandas-sehit-duserken-2-vatandas-da-yaralandi","status":"publish","type":"post","link":"https:\/\/archive.sana.sy\/tr\/?p=104432","title":{"rendered":"Eli kanl\u0131 ter\u00f6ristlerin Homs Kentinin Zehra Semti Meydan\u0131nda yerle\u015ftirdikleri bir bomba d\u00fczene\u011fini havaya u\u00e7urmalar\u0131 sonucunda 3 vatanda\u015f \u015fehit d\u00fc\u015ferken, 2 vatanda\u015f da yaraland\u0131"},"content":{"rendered":"<p>Eli kanl\u0131 ter\u00f6ristlerin Homs Kentinin Zehra Semti Meydan\u0131nda yerle\u015ftirdikleri bir bomba d\u00fczene\u011fini havaya u\u00e7urmalar\u0131 sonucunda 3 vatanda\u015f \u015fehit d\u00fc\u015ferken, 2 vatanda\u015f da yaraland\u0131<\/p>\n","protected":false},"excerpt":{"rendered":"<p>Eli kanl\u0131 ter\u00f6ristlerin Homs Kentinin Zehra Semti Meydan\u0131nda yerle\u015ftirdikleri bir bomba d\u00fczene\u011fini havaya u\u00e7urmalar\u0131 sonucunda 3 vatanda\u015f \u015fehit d\u00fc\u015ferken, 2 vatanda\u015f da yaraland\u0131<\/p>\n","protected":false},"author":1,"featured_media":0,"comment_status":"closed","ping_status":"closed","sticky":false,"template":"","format":"standard","meta":{"footnotes":""},"categories":[17991],"tags":[],"class_list":["post-104432","post","type-post","status-publish","format-standard","","category-son-dakika"],"_links":{"self":[{"href":"https:\/\/archive.sana.sy\/tr\/index.php?rest_route=\/wp\/v2\/posts\/104432","targetHints":{"allow":["GET"]}}],"collection":[{"href":"https:\/\/archive.sana.sy\/tr\/index.php?rest_route=\/wp\/v2\/posts"}],"about":[{"href":"https:\/\/archive.sana.sy\/tr\/index.php?rest_route=\/wp\/v2\/types\/post"}],"author":[{"embeddable":true,"href":"https:\/\/archive.sana.sy\/tr\/index.php?rest_route=\/wp\/v2\/users\/1"}],"replies":[{"embeddable":true,"href":"https:\/\/archive.sana.sy\/tr\/index.php?rest_route=%2Fwp%2Fv2%2Fcomments&post=104432"}],"version-history":[{"count":0,"href":"https:\/\/archive.sana.sy\/tr\/index.php?rest_route=\/wp\/v2\/posts\/104432\/revisions"}],"wp:attachment":[{"href":"https:\/\/archive.sana.sy\/tr\/index.php?rest_route=%2Fwp%2Fv2%2Fmedia&parent=104432"}],"wp:term":[{"taxonomy":"category","embeddable":true,"href":"https:\/\/archive.sana.sy\/tr\/index.php?rest_route=%2Fwp%2Fv2%2Fcategories&post=104432"},{"taxonomy":"post_tag","embeddable":true,"href":"https:\/\/archive.sana.sy\/tr\/index.php?rest_route=%2Fwp%2Fv2%2Ftags&post=104432"}],"curies":[{"name":"wp","href":"https:\/\/api.w.org\/{rel}","templated":true}]}}