{"id":104589,"date":"2017-02-11T17:32:56","date_gmt":"2017-02-11T15:32:56","guid":{"rendered":"http:\/\/www.sana.sy\/tr\/?p=104589"},"modified":"2017-02-13T09:48:21","modified_gmt":"2017-02-13T07:48:21","slug":"gazeteciler-birliginin-calismalarini-gelistirecek-mekanizmalar-belirlenmeli","status":"publish","type":"post","link":"https:\/\/archive.sana.sy\/tr\/?p=104589","title":{"rendered":"Gazeteciler Birli\u011finin \u00c7al\u0131\u015fmalar\u0131n\u0131 Geli\u015ftirecek Mekanizmalar Belirlenmeli"},"content":{"rendered":"<p>\u015eAM \u2013 Ba\u015fbakan \u0130mad Hamis bug\u00fcn Gazeteciler Birli\u011fi ba\u015fkan\u0131 Musa Abdunnur ve birli\u011fin y\u00fcr\u00fctme kurulu \u00fcyeleriyle bir araya geldi.<\/p>\n<p>G\u00f6r\u00fc\u015fmede Ba\u015fbakan Hamis; Suriye ve halk\u0131na y\u00f6nelik y\u00fcr\u00fct\u00fclen evrensel sava\u015f\u0131n bir yan\u0131n\u0131n ger\u00e7ekleri \u00e7arp\u0131tma ve kamuoyunu kand\u0131rmak oldu\u011funa dikkat \u00e7ekerken, dolay\u0131s\u0131yla ger\u00e7eklerin objektif ve do\u011fru bir \u015fekilde kamuoyuna aktar\u0131lmas\u0131nda gazetecilerin \u00f6nemine vurgu yapt\u0131. Hamis ter\u00f6r \u00f6rg\u00fctleri ve destek\u00e7ilerinin Suriye halk\u0131n\u0131n m\u00fccadele azmini k\u0131rmak i\u00e7in as\u0131ls\u0131z yalanlar uydurduklar\u0131n\u0131, medya kurumlar\u0131 dahil altyap\u0131 ve hizmet \u015febekelerini sistematik bir \u015fekilde hedef ald\u0131klar\u0131na dikkat \u00e7ekti.<\/p>\n<p>Suriye&#8217;nin ya\u015fad\u0131\u011f\u0131 sava\u015f ko\u015fullar\u0131na \u0131\u015f\u0131k tutan Hamis; h\u00fck\u00fcmetin vatanda\u015flar\u0131n t\u00fcm temel ihtiya\u00e7lar\u0131n\u0131 kar\u015f\u0131lama ve Suriye&#8217;yi hedef alan d\u00fc\u015fmanc\u0131 planlar\u0131la birlikte bu planlarda edat olarak kullan\u0131lan ter\u00f6re kar\u015f\u0131 m\u00fccadele azmini <img loading=\"lazy\" decoding=\"async\" class=\"alignright size-medium wp-image-104590\" src=\"http:\/\/www.sana.sy\/tr\/wp-content\/uploads\/2017\/02\/hamis-300x168.jpg\" alt=\"\" width=\"300\" height=\"168\" srcset=\"https:\/\/archive.sana.sy\/tr\/wp-content\/uploads\/2017\/02\/hamis-300x168.jpg 300w, https:\/\/archive.sana.sy\/tr\/wp-content\/uploads\/2017\/02\/hamis-150x84.jpg 150w, https:\/\/archive.sana.sy\/tr\/wp-content\/uploads\/2017\/02\/hamis-768x431.jpg 768w, https:\/\/archive.sana.sy\/tr\/wp-content\/uploads\/2017\/02\/hamis-1024x575.jpg 1024w\" sizes=\"auto, (max-width: 300px) 100vw, 300px\" \/>peki\u015ftirme ama\u00e7l\u0131 yo\u011fun \u00e7abalar\u0131n\u0131 s\u00fcrd\u00fcrece\u011finin alt\u0131n\u0131 \u00e7izdi.<\/p>\n<p>Bu ko\u015fullar i\u00e7inde \u00fcst\u00fcne d\u00fc\u015fen misyonu en iyi \u015fekilde yerine getirmesi amac\u0131yla Gazeteciler Birli\u011fine gereken her deste\u011fin verilece\u011fini belirten Ba\u015fbakan Hamis; Suriye&#8217;ye y\u00f6nelik sava\u015fta uluslar aras\u0131 d\u00fczeyde seferber edilen medya olanaklar\u0131na i\u015faret etti.<\/p>\n<p>Birli\u011fin \u00e7al\u0131\u015fmalar\u0131n\u0131n g\u00f6zden ge\u00e7irilmesi ve bu \u00e7al\u0131\u015fmalar\u0131n geli\u015ftirecek etkin mekanizmalar\u0131n belirlenmesi gere\u011fine dikkat \u00e7ekilen g\u00f6r\u00fc\u015fmede; birli\u011fe tabi gazetecilerin ya\u015fam kalitesini iyile\u015ftirme ve mesleki olarak desteklenmeleri \u00f6nemi kaydedildi.<\/p>\n<p>G\u00f6r\u00fc\u015fmeye enformasyon, k\u00fclt\u00fcr ve sivil toplum \u00f6rg\u00fctleri bakanlar\u0131n\u0131n yan\u0131 s\u0131ra Bakanlar Kurulu genel sekreteri haz\u0131r bulundu.<\/p>\n","protected":false},"excerpt":{"rendered":"<p>\u015eAM \u2013 Ba\u015fbakan \u0130mad Hamis bug\u00fcn Gazeteciler Birli\u011fi ba\u015fkan\u0131 Musa Abdunnur ve birli\u011fin y\u00fcr\u00fctme kurulu \u00fcyeleriyle bir araya geldi. G\u00f6r\u00fc\u015fmede Ba\u015fbakan Hamis; Suriye ve halk\u0131na y\u00f6nelik y\u00fcr\u00fct\u00fclen evrensel sava\u015f\u0131n bir yan\u0131n\u0131n ger\u00e7ekleri \u00e7arp\u0131tma ve kamuoyunu kand\u0131rmak oldu\u011funa dikkat \u00e7ekerken, dolay\u0131s\u0131yla ger\u00e7eklerin objektif ve do\u011fru bir \u015fekilde kamuoyuna aktar\u0131lmas\u0131nda gazetecilerin \u00f6nemine vurgu yapt\u0131. Hamis ter\u00f6r \u00f6rg\u00fctleri &hellip;<\/p>\n","protected":false},"author":1,"featured_media":104592,"comment_status":"closed","ping_status":"closed","sticky":false,"template":"","format":"standard","meta":{"footnotes":""},"categories":[479,17988,478],"tags":[27528,27527],"class_list":["post-104589","post","type-post","status-publish","format-standard","has-post-thumbnail","","category-haberler-yerel","category-son-haberler","category-yerel","tag-basbakan-imad-hamis-gazeteciler-birligiyle-bir-arada","tag-gazeteciler-birliginin-calismalarini-gelistirecek-mekanizmalar-belirlenmeli"],"_links":{"self":[{"href":"https:\/\/archive.sana.sy\/tr\/index.php?rest_route=\/wp\/v2\/posts\/104589","targetHints":{"allow":["GET"]}}],"collection":[{"href":"https:\/\/archive.sana.sy\/tr\/index.php?rest_route=\/wp\/v2\/posts"}],"about":[{"href":"https:\/\/archive.sana.sy\/tr\/index.php?rest_route=\/wp\/v2\/types\/post"}],"author":[{"embeddable":true,"href":"https:\/\/archive.sana.sy\/tr\/index.php?rest_route=\/wp\/v2\/users\/1"}],"replies":[{"embeddable":true,"href":"https:\/\/archive.sana.sy\/tr\/index.php?rest_route=%2Fwp%2Fv2%2Fcomments&post=104589"}],"version-history":[{"count":0,"href":"https:\/\/archive.sana.sy\/tr\/index.php?rest_route=\/wp\/v2\/posts\/104589\/revisions"}],"wp:featuredmedia":[{"embeddable":true,"href":"https:\/\/archive.sana.sy\/tr\/index.php?rest_route=\/wp\/v2\/media\/104592"}],"wp:attachment":[{"href":"https:\/\/archive.sana.sy\/tr\/index.php?rest_route=%2Fwp%2Fv2%2Fmedia&parent=104589"}],"wp:term":[{"taxonomy":"category","embeddable":true,"href":"https:\/\/archive.sana.sy\/tr\/index.php?rest_route=%2Fwp%2Fv2%2Fcategories&post=104589"},{"taxonomy":"post_tag","embeddable":true,"href":"https:\/\/archive.sana.sy\/tr\/index.php?rest_route=%2Fwp%2Fv2%2Ftags&post=104589"}],"curies":[{"name":"wp","href":"https:\/\/api.w.org\/{rel}","templated":true}]}}