{"id":104609,"date":"2017-02-12T13:56:34","date_gmt":"2017-02-12T11:56:34","guid":{"rendered":"http:\/\/www.sana.sy\/tr\/?p=104609"},"modified":"2017-02-13T09:45:32","modified_gmt":"2017-02-13T07:45:32","slug":"sivillere-saldirilarinda-yine-bircok-kisi-yaralandi","status":"publish","type":"post","link":"https:\/\/archive.sana.sy\/tr\/?p=104609","title":{"rendered":"\u015eehit ve Yaral\u0131lar\u0131n Aras\u0131nda \u00c7ocuk ve Kad\u0131nlar Var"},"content":{"rendered":"<p>DERA \u2013 Muhtelif devletlerin destek ve y\u00f6nlendirmeleriyle faaliyet g\u00f6steren ter\u00f6r \u00f6rg\u00fctleri sivil yerle\u015fim alanlar\u0131na geli\u015fig\u00fczel sald\u0131r\u0131lar\u0131n\u0131 bug\u00fcn de s\u00fcrd\u00fcrd\u00fc.<\/p>\n<p>K\u0131z\u0131lay \u00d6rg\u00fct\u00fc Dera \u0130l \u015eubesinde bir kaynak SANA muhabirine a\u00e7\u0131klamas\u0131nda; \u0130srail destekli ter\u00f6ristlerin Dera Kentinin sivil yerle\u015fim alanlar\u0131ndan Sahhara ve Men\u015fiye semtlerine f\u00fczelerle sald\u0131rd\u0131klar\u0131n\u0131 aktard\u0131.<\/p>\n<p>Kaynak ter\u00f6r sald\u0131r\u0131lar\u0131 sonucunda biri \u00e7ocuk 2 vatanda\u015f\u0131n \u015fehit d\u00fc\u015ft\u00fc\u011f\u00fcn\u00fc, aralar\u0131nda \u00e7ocuk ve kad\u0131nlar\u0131n bulundu\u011fu 9 ki\u015finin de yaraland\u0131\u011f\u0131n\u0131 belirtti. Yaral\u0131lar\u0131n Dera Devlet Hastanesine kald\u0131r\u0131ld\u0131\u011f\u0131n\u0131 ifade eden kaynak, bir k\u0131sm\u0131n\u0131n durumunun a\u011f\u0131r oldu\u011funa dikkat \u00e7ekti.<\/p>\n<p>Di\u011fer yandan SANA muhabiri, tekfirci ve hain ter\u00f6ristlerin sald\u0131r\u0131lar\u0131 sonucunda vatanda\u015flar\u0131n evleri ve i\u015fyerlerinde ciddi maddi hasarlar\u0131n meydana geldi\u011fine dikkat \u00e7ekti.<\/p>\n","protected":false},"excerpt":{"rendered":"<p>DERA \u2013 Muhtelif devletlerin destek ve y\u00f6nlendirmeleriyle faaliyet g\u00f6steren ter\u00f6r \u00f6rg\u00fctleri sivil yerle\u015fim alanlar\u0131na geli\u015fig\u00fczel sald\u0131r\u0131lar\u0131n\u0131 bug\u00fcn de s\u00fcrd\u00fcrd\u00fc. K\u0131z\u0131lay \u00d6rg\u00fct\u00fc Dera \u0130l \u015eubesinde bir kaynak SANA muhabirine a\u00e7\u0131klamas\u0131nda; \u0130srail destekli ter\u00f6ristlerin Dera Kentinin sivil yerle\u015fim alanlar\u0131ndan Sahhara ve Men\u015fiye semtlerine f\u00fczelerle sald\u0131rd\u0131klar\u0131n\u0131 aktard\u0131. Kaynak ter\u00f6r sald\u0131r\u0131lar\u0131 sonucunda biri \u00e7ocuk 2 vatanda\u015f\u0131n \u015fehit d\u00fc\u015ft\u00fc\u011f\u00fcn\u00fc, aralar\u0131nda &hellip;<\/p>\n","protected":false},"author":1,"featured_media":104623,"comment_status":"closed","ping_status":"closed","sticky":false,"template":"","format":"standard","meta":{"footnotes":""},"categories":[479,575,17988,478],"tags":[3464,18237,18576,18577,17274,17273,2318,19211,18347,18174,19043,19034],"class_list":["post-104609","post","type-post","status-publish","format-standard","has-post-thumbnail","","category-haberler-yerel","category-olaylar-ve-gercekler","category-son-haberler","category-yerel","tag-nusra-cephesi","tag-cihatcilar","tag-daes","tag-deas","tag-fuze-saldirisi","tag-havan-saldirisi","tag-isid","tag-israil-destekli","tag-oso","tag-sivillere-saldiri","tag-suriyede-son-durum","tag-suriyeli-muhalifler"],"_links":{"self":[{"href":"https:\/\/archive.sana.sy\/tr\/index.php?rest_route=\/wp\/v2\/posts\/104609","targetHints":{"allow":["GET"]}}],"collection":[{"href":"https:\/\/archive.sana.sy\/tr\/index.php?rest_route=\/wp\/v2\/posts"}],"about":[{"href":"https:\/\/archive.sana.sy\/tr\/index.php?rest_route=\/wp\/v2\/types\/post"}],"author":[{"embeddable":true,"href":"https:\/\/archive.sana.sy\/tr\/index.php?rest_route=\/wp\/v2\/users\/1"}],"replies":[{"embeddable":true,"href":"https:\/\/archive.sana.sy\/tr\/index.php?rest_route=%2Fwp%2Fv2%2Fcomments&post=104609"}],"version-history":[{"count":0,"href":"https:\/\/archive.sana.sy\/tr\/index.php?rest_route=\/wp\/v2\/posts\/104609\/revisions"}],"wp:featuredmedia":[{"embeddable":true,"href":"https:\/\/archive.sana.sy\/tr\/index.php?rest_route=\/wp\/v2\/media\/104623"}],"wp:attachment":[{"href":"https:\/\/archive.sana.sy\/tr\/index.php?rest_route=%2Fwp%2Fv2%2Fmedia&parent=104609"}],"wp:term":[{"taxonomy":"category","embeddable":true,"href":"https:\/\/archive.sana.sy\/tr\/index.php?rest_route=%2Fwp%2Fv2%2Fcategories&post=104609"},{"taxonomy":"post_tag","embeddable":true,"href":"https:\/\/archive.sana.sy\/tr\/index.php?rest_route=%2Fwp%2Fv2%2Ftags&post=104609"}],"curies":[{"name":"wp","href":"https:\/\/api.w.org\/{rel}","templated":true}]}}