{"id":104618,"date":"2017-02-12T13:20:07","date_gmt":"2017-02-12T11:20:07","guid":{"rendered":"http:\/\/www.sana.sy\/tr\/?p=104618"},"modified":"2017-02-12T13:51:24","modified_gmt":"2017-02-12T11:51:24","slug":"sana-muhabiri-israil-destekli-teroristlerin-dera-kentinin-sivil-yerlesim-alanlarina-fuze-saldirilarinda-aralarinda-bir-cocugun-bulundugu-2-kisinin-sehit-9-kisinin-de-yarali-dustugunu-belirtti","status":"publish","type":"post","link":"https:\/\/archive.sana.sy\/tr\/?p=104618","title":{"rendered":"SANA muhabiri \u0130srail destekli ter\u00f6ristlerin Dera Kentinin sivil yerle\u015fim alanlar\u0131na f\u00fcze sald\u0131r\u0131lar\u0131nda aralar\u0131nda bir \u00e7ocu\u011fun bulundu\u011fu 2 ki\u015finin \u015fehit, 9 ki\u015finin de yaral\u0131 d\u00fc\u015ft\u00fc\u011f\u00fcn\u00fc belirtti"},"content":{"rendered":"<p>SANA muhabiri \u0130srail destekli ter\u00f6ristlerin Dera Kentinin sivil yerle\u015fim alanlar\u0131na f\u00fcze sald\u0131r\u0131lar\u0131nda aralar\u0131nda bir \u00e7ocu\u011fun bulundu\u011fu 2 ki\u015finin \u015fehit, 9 ki\u015finin de yaral\u0131 d\u00fc\u015ft\u00fc\u011f\u00fcn\u00fc belirtti<\/p>\n","protected":false},"excerpt":{"rendered":"<p>SANA muhabiri \u0130srail destekli ter\u00f6ristlerin Dera Kentinin sivil yerle\u015fim alanlar\u0131na f\u00fcze sald\u0131r\u0131lar\u0131nda aralar\u0131nda bir \u00e7ocu\u011fun bulundu\u011fu 2 ki\u015finin \u015fehit, 9 ki\u015finin de yaral\u0131 d\u00fc\u015ft\u00fc\u011f\u00fcn\u00fc belirtti<\/p>\n","protected":false},"author":1,"featured_media":0,"comment_status":"closed","ping_status":"closed","sticky":false,"template":"","format":"standard","meta":{"footnotes":""},"categories":[17991],"tags":[],"class_list":["post-104618","post","type-post","status-publish","format-standard","","category-son-dakika"],"_links":{"self":[{"href":"https:\/\/archive.sana.sy\/tr\/index.php?rest_route=\/wp\/v2\/posts\/104618","targetHints":{"allow":["GET"]}}],"collection":[{"href":"https:\/\/archive.sana.sy\/tr\/index.php?rest_route=\/wp\/v2\/posts"}],"about":[{"href":"https:\/\/archive.sana.sy\/tr\/index.php?rest_route=\/wp\/v2\/types\/post"}],"author":[{"embeddable":true,"href":"https:\/\/archive.sana.sy\/tr\/index.php?rest_route=\/wp\/v2\/users\/1"}],"replies":[{"embeddable":true,"href":"https:\/\/archive.sana.sy\/tr\/index.php?rest_route=%2Fwp%2Fv2%2Fcomments&post=104618"}],"version-history":[{"count":0,"href":"https:\/\/archive.sana.sy\/tr\/index.php?rest_route=\/wp\/v2\/posts\/104618\/revisions"}],"wp:attachment":[{"href":"https:\/\/archive.sana.sy\/tr\/index.php?rest_route=%2Fwp%2Fv2%2Fmedia&parent=104618"}],"wp:term":[{"taxonomy":"category","embeddable":true,"href":"https:\/\/archive.sana.sy\/tr\/index.php?rest_route=%2Fwp%2Fv2%2Fcategories&post=104618"},{"taxonomy":"post_tag","embeddable":true,"href":"https:\/\/archive.sana.sy\/tr\/index.php?rest_route=%2Fwp%2Fv2%2Ftags&post=104618"}],"curies":[{"name":"wp","href":"https:\/\/api.w.org\/{rel}","templated":true}]}}