{"id":104622,"date":"2017-02-12T15:30:04","date_gmt":"2017-02-12T13:30:04","guid":{"rendered":"http:\/\/www.sana.sy\/tr\/?p=104622"},"modified":"2017-02-12T16:19:02","modified_gmt":"2017-02-12T14:19:02","slug":"sanaya-aciklamasinda-askeri-kaynak-ordu-birliklerimizin-dera-beledin-mensiye-semtinin-guneyinde-israil-destekli-teroristlerin-sivillere-ve-askeri-mevkilere-saldirilarinda-kullanmaya","status":"publish","type":"post","link":"https:\/\/archive.sana.sy\/tr\/?p=104622","title":{"rendered":"SANA\u2019ya a\u00e7\u0131klamas\u0131nda askeri kaynak ordu birliklerimizin Dera Beled\u2019in Men\u015fiye Semtinin g\u00fcneyinde \u0130srail destekli ter\u00f6ristlerin sivillere ve askeri mevkilere sald\u0131r\u0131lar\u0131nda kullanmaya \u00e7al\u0131\u015ft\u0131klar\u0131 bombal\u0131 iki arac\u0131 hedefe ula\u015fmadan \u00f6nce imha ettiklerini belirtti"},"content":{"rendered":"<p>SANA\u2019ya a\u00e7\u0131klamas\u0131nda askeri kaynak ordu birliklerimizin Dera Beled\u2019in Men\u015fiye Semtinin g\u00fcneyinde \u0130srail destekli ter\u00f6ristlerin sivillere ve askeri mevkilere sald\u0131r\u0131lar\u0131nda kullanmaya \u00e7al\u0131\u015ft\u0131klar\u0131 bombal\u0131 iki arac\u0131 hedefe ula\u015fmadan \u00f6nce imha ettiklerini belirtti<\/p>\n","protected":false},"excerpt":{"rendered":"<p>SANA\u2019ya a\u00e7\u0131klamas\u0131nda askeri kaynak ordu birliklerimizin Dera Beled\u2019in Men\u015fiye Semtinin g\u00fcneyinde \u0130srail destekli ter\u00f6ristlerin sivillere ve askeri mevkilere sald\u0131r\u0131lar\u0131nda kullanmaya \u00e7al\u0131\u015ft\u0131klar\u0131 bombal\u0131 iki arac\u0131 hedefe ula\u015fmadan \u00f6nce imha ettiklerini belirtti<\/p>\n","protected":false},"author":1,"featured_media":0,"comment_status":"closed","ping_status":"closed","sticky":false,"template":"","format":"standard","meta":{"footnotes":""},"categories":[17991],"tags":[],"class_list":["post-104622","post","type-post","status-publish","format-standard","","category-son-dakika"],"_links":{"self":[{"href":"https:\/\/archive.sana.sy\/tr\/index.php?rest_route=\/wp\/v2\/posts\/104622","targetHints":{"allow":["GET"]}}],"collection":[{"href":"https:\/\/archive.sana.sy\/tr\/index.php?rest_route=\/wp\/v2\/posts"}],"about":[{"href":"https:\/\/archive.sana.sy\/tr\/index.php?rest_route=\/wp\/v2\/types\/post"}],"author":[{"embeddable":true,"href":"https:\/\/archive.sana.sy\/tr\/index.php?rest_route=\/wp\/v2\/users\/1"}],"replies":[{"embeddable":true,"href":"https:\/\/archive.sana.sy\/tr\/index.php?rest_route=%2Fwp%2Fv2%2Fcomments&post=104622"}],"version-history":[{"count":0,"href":"https:\/\/archive.sana.sy\/tr\/index.php?rest_route=\/wp\/v2\/posts\/104622\/revisions"}],"wp:attachment":[{"href":"https:\/\/archive.sana.sy\/tr\/index.php?rest_route=%2Fwp%2Fv2%2Fmedia&parent=104622"}],"wp:term":[{"taxonomy":"category","embeddable":true,"href":"https:\/\/archive.sana.sy\/tr\/index.php?rest_route=%2Fwp%2Fv2%2Fcategories&post=104622"},{"taxonomy":"post_tag","embeddable":true,"href":"https:\/\/archive.sana.sy\/tr\/index.php?rest_route=%2Fwp%2Fv2%2Ftags&post=104622"}],"curies":[{"name":"wp","href":"https:\/\/api.w.org\/{rel}","templated":true}]}}