{"id":104624,"date":"2017-02-12T14:50:00","date_gmt":"2017-02-12T12:50:00","guid":{"rendered":"http:\/\/www.sana.sy\/tr\/?p=104624"},"modified":"2017-02-17T14:41:25","modified_gmt":"2017-02-17T12:41:25","slug":"isid-ve-nusra-cephesine-karsi-nitelikli-operasyonlar-devam-ediyor","status":"publish","type":"post","link":"https:\/\/archive.sana.sy\/tr\/?p=104624","title":{"rendered":"I\u015e\u0130D ve Nusra Cephesine Kar\u015f\u0131 Nitelikli Operasyonlar Devam Ediyor"},"content":{"rendered":"<p>\u0130LLER \u2013 Ordu birliklerimiz I\u015e\u0130D ve Nusra Cephesine y\u00f6nelik nitelikli operasyonlar\u0131n\u0131 hava g\u00fc\u00e7lerimizin deste\u011fi ile s\u00fcrd\u00fcrerek, d\u0131\u015far\u0131dan destek ve y\u00f6nlendirme alan bu ter\u00f6ristleri ciddi kay\u0131plara u\u011fratmaya devam ediyor.<\/p>\n<p><span style=\"color: #0000ff\">DEYREZZOR<\/span>:<\/p>\n<p>Askeri kaynak ordu birliklerimizin Deyrezzor Kentinin g\u00fcneyinde askeri havaliman\u0131n\u0131n da bat\u0131s\u0131nda yer alan Elektronik Temin T\u00fcmeni b\u00f6lgesinde I\u015e\u0130D\u2019li bir ter\u00f6r grubuna kar\u015f\u0131 nitelikli operasyonlar d\u00fczenlediklerini belirtti. Kaynak operasyonda ter\u00f6r grubu \u00fcyelerinin b\u00fcy\u00fck \u00e7o\u011funlu\u011funun \u00f6ld\u00fcr\u00fcld\u00fc\u011f\u00fcn\u00fc, kulland\u0131klar\u0131 a\u011f\u0131r makineli silah\u0131n da tahrip edildi\u011fini ifade etti.<\/p>\n<p><span style=\"color: #0000ff\">DERA<\/span>:<\/p>\n<p>Di\u011fer yandan askeri kaynak ordu birliklerimizin Dera Beled\u2019in sivil yerle\u015fim alanlar\u0131ndan Men\u015fiye Semtinde vatanda\u015flar\u0131n evlerine ve askeri noktalara y\u00fcksek say\u0131larla h\u0131r\u00e7\u0131n bir sald\u0131r\u0131da bulunan \u0130srail destekli Nusra Cephesi ile \u015fiddetli \u00e7at\u0131\u015fmalara girdiklerini belirtti.<\/p>\n<p>Kaynak \u015fiddetli \u00e7at\u0131\u015fmalarda y\u00fcksek say\u0131da tekfirci ter\u00f6ristin ara\u00e7 ve silahlar\u0131yla etkisiz hale getirilmesi ard\u0131ndan sald\u0131r\u0131n\u0131n \u00e7\u00f6kertildi\u011fini aktard\u0131.<\/p>\n<p>Ter\u00f6ristlerin sald\u0131r\u0131lar\u0131na e\u015f zamanl\u0131 olarak semtte sivil vatanda\u015flar ve evlere yo\u011fun bir \u015fekilde top ve a\u011f\u0131r makineli silahlarla ate\u015f a\u00e7t\u0131klar\u0131na dikkat \u00e7eken kaynak, bu sald\u0131r\u0131lar sonucunda aralar\u0131nda \u00e7ocuk ve kad\u0131nlar\u0131n bulundu\u011fu bir\u00e7ok vatanda\u015f\u0131n \u015fehit ve yaral\u0131 d\u00fc\u015ft\u00fcklerini belirtti.<\/p>\n<p>Kaynak \u0130srail&#8217;den muhtelif t\u00fcr destek ve komuta alan ter\u00f6ristlerin telsiz cihazlar\u0131n\u0131n dinlenmesiyle, \u00e7at\u0131\u015fmalarda say\u0131 ve ekipman a\u00e7\u0131s\u0131ndan olduk\u00e7a b\u00fcy\u00fck kay\u0131plar verdiklerinin anla\u015f\u0131ld\u0131\u011f\u0131n\u0131, yard\u0131m isteme ve i\u00e7ine d\u00fc\u015ft\u00fckleri pani\u011fin seslerinde net bir \u015fekilde belli oldu\u011funa dikkat \u00e7ekti.<\/p>\n<p>G\u00fcn\u00fcn ilerleyen saatlerinde SANA\u2019ya a\u00e7\u0131klama yapan askeri kaynak ordu birliklerimizin Dera Beled\u2019in Men\u015fiye Semtinin g\u00fcneyinde \u0130srail destekli ter\u00f6ristlerin sivillere ve askeri mevkilere sald\u0131r\u0131lar\u0131nda kullanmaya \u00e7al\u0131\u015ft\u0131klar\u0131 bombal\u0131 iki arac\u0131 hedefe ula\u015fmadan \u00f6nce imha ettiklerini belirtti.<\/p>\n<p><span style=\"color: #0000ff\">HOMS:<\/span><\/p>\n<p>Bu arada askeri kaynak ordu birliklerimizin destek\u00e7i ve m\u00fcttefik g\u00fc\u00e7lerle i\u015fbirli\u011fi i\u00e7inde Homs \u0130linin do\u011fusunda I\u015e\u0130D\u2019e kar\u015f\u0131 s\u00fcrd\u00fcrd\u00fc\u011f\u00fc ba\u015far\u0131l\u0131 operasyonlar\u0131 kapsam\u0131nda Tedmur Kentinin yakla\u015f\u0131k 30 km kuzeydo\u011fusunda yer alan Cahhar Do\u011falgaz \u0130stasyonunun civarlar\u0131nda stratejik \u00f6neme sahip bir dizi tepeyi kontrollerine ge\u00e7irdiklerini belirtti.<\/p>\n<p>Operasyonlar\u0131nda bir k\u0131sm\u0131 bombal\u0131, bir k\u0131sm\u0131 da a\u011f\u0131r silahlarla donat\u0131lm\u0131\u015f bir\u00e7ok arac\u0131n yan\u0131 s\u0131ra aralar\u0131nda saha komutan\u0131 ve yabanc\u0131lar\u0131n bulundu\u011fu I\u015e\u0130D\u2019li y\u00fcksek say\u0131da ter\u00f6ristin \u00f6ld\u00fcr\u00fcld\u00fc\u011f\u00fcn\u00fc belirten kaynak, sa\u011f kalan ter\u00f6ristlerin silahlar\u0131n\u0131 ve arkada\u015flar\u0131n\u0131n cesetlerini yerlerde b\u0131rak\u0131p ka\u00e7t\u0131klar\u0131na dikkat \u00e7ekti.<\/p>\n","protected":false},"excerpt":{"rendered":"<p>\u0130LLER \u2013 Ordu birliklerimiz I\u015e\u0130D ve Nusra Cephesine y\u00f6nelik nitelikli operasyonlar\u0131n\u0131 hava g\u00fc\u00e7lerimizin deste\u011fi ile s\u00fcrd\u00fcrerek, d\u0131\u015far\u0131dan destek ve y\u00f6nlendirme alan bu ter\u00f6ristleri ciddi kay\u0131plara u\u011fratmaya devam ediyor. DEYREZZOR: Askeri kaynak ordu birliklerimizin Deyrezzor Kentinin g\u00fcneyinde askeri havaliman\u0131n\u0131n da bat\u0131s\u0131nda yer alan Elektronik Temin T\u00fcmeni b\u00f6lgesinde I\u015e\u0130D\u2019li bir ter\u00f6r grubuna kar\u015f\u0131 nitelikli operasyonlar d\u00fczenlediklerini belirtti. &hellip;<\/p>\n","protected":false},"author":1,"featured_media":104627,"comment_status":"closed","ping_status":"closed","sticky":false,"template":"","format":"standard","meta":{"footnotes":""},"categories":[479,575,17988,478],"tags":[3464,2318,27540,11549,22182,23245,7657,20510],"class_list":["post-104624","post","type-post","status-publish","format-standard","has-post-thumbnail","","category-haberler-yerel","category-olaylar-ve-gercekler","category-son-haberler","category-yerel","tag-nusra-cephesi","tag-isid","tag-isid-ve-nusra-cephesine-karsi-nitelikli-operasyonlar-devam-ediyor","tag-suriye-ordusu","tag-suriyede-savas","tag-suriyedeki-savas","tag-teror-orgutleri","tag-teror-saldirilari"],"_links":{"self":[{"href":"https:\/\/archive.sana.sy\/tr\/index.php?rest_route=\/wp\/v2\/posts\/104624","targetHints":{"allow":["GET"]}}],"collection":[{"href":"https:\/\/archive.sana.sy\/tr\/index.php?rest_route=\/wp\/v2\/posts"}],"about":[{"href":"https:\/\/archive.sana.sy\/tr\/index.php?rest_route=\/wp\/v2\/types\/post"}],"author":[{"embeddable":true,"href":"https:\/\/archive.sana.sy\/tr\/index.php?rest_route=\/wp\/v2\/users\/1"}],"replies":[{"embeddable":true,"href":"https:\/\/archive.sana.sy\/tr\/index.php?rest_route=%2Fwp%2Fv2%2Fcomments&post=104624"}],"version-history":[{"count":0,"href":"https:\/\/archive.sana.sy\/tr\/index.php?rest_route=\/wp\/v2\/posts\/104624\/revisions"}],"wp:featuredmedia":[{"embeddable":true,"href":"https:\/\/archive.sana.sy\/tr\/index.php?rest_route=\/wp\/v2\/media\/104627"}],"wp:attachment":[{"href":"https:\/\/archive.sana.sy\/tr\/index.php?rest_route=%2Fwp%2Fv2%2Fmedia&parent=104624"}],"wp:term":[{"taxonomy":"category","embeddable":true,"href":"https:\/\/archive.sana.sy\/tr\/index.php?rest_route=%2Fwp%2Fv2%2Fcategories&post=104624"},{"taxonomy":"post_tag","embeddable":true,"href":"https:\/\/archive.sana.sy\/tr\/index.php?rest_route=%2Fwp%2Fv2%2Ftags&post=104624"}],"curies":[{"name":"wp","href":"https:\/\/api.w.org\/{rel}","templated":true}]}}