{"id":104629,"date":"2017-02-12T10:30:02","date_gmt":"2017-02-12T08:30:02","guid":{"rendered":"http:\/\/www.sana.sy\/tr\/?p=104629"},"modified":"2017-02-13T09:48:12","modified_gmt":"2017-02-13T07:48:12","slug":"el-esad-meclisin-kararlastirdigi-kararnameyi-onayladi","status":"publish","type":"post","link":"https:\/\/archive.sana.sy\/tr\/?p=104629","title":{"rendered":"El Esad Meclisin Kararla\u015ft\u0131rd\u0131\u011f\u0131 Kararnameyi Onaylad\u0131"},"content":{"rendered":"<p>\u015eAM \u2013 Cumhurba\u015fkan\u0131 Be\u015f\u015far el Esad, Suriye Arap Cumhuriyetinin t\u00fcm illerinde sigortac\u0131l\u0131k davalar\u0131na bakacak sivil asliye ve temyiz mahkemelerinin kurulmas\u0131n\u0131 \u00f6ng\u00f6ren 2017\/05 say\u0131l\u0131 kanunnameyi onaylad\u0131.<\/p>\n<p>Anayasa ve kanunlar kapsam\u0131nda sigortac\u0131l\u0131k davalar\u0131n\u0131 h\u0131zland\u0131racak ve vatanda\u015flar\u0131n i\u015flemlerini kolayla\u015ft\u0131racak s\u00f6z konusu mahkemelerin kurulmas\u0131n\u0131 \u00f6ng\u00f6ren karar tasar\u0131s\u0131, Halk Meclisinin 6 \u015eubat tarihli oturumunda milletvekilleri taraf\u0131ndan tart\u0131\u015f\u0131l\u0131p karara ba\u011flanmas\u0131 ard\u0131ndan onay i\u00e7in cumhurba\u015fkan\u0131na sevk edilmi\u015fti.<\/p>\n","protected":false},"excerpt":{"rendered":"<p>\u015eAM \u2013 Cumhurba\u015fkan\u0131 Be\u015f\u015far el Esad, Suriye Arap Cumhuriyetinin t\u00fcm illerinde sigortac\u0131l\u0131k davalar\u0131na bakacak sivil asliye ve temyiz mahkemelerinin kurulmas\u0131n\u0131 \u00f6ng\u00f6ren 2017\/05 say\u0131l\u0131 kanunnameyi onaylad\u0131. Anayasa ve kanunlar kapsam\u0131nda sigortac\u0131l\u0131k davalar\u0131n\u0131 h\u0131zland\u0131racak ve vatanda\u015flar\u0131n i\u015flemlerini kolayla\u015ft\u0131racak s\u00f6z konusu mahkemelerin kurulmas\u0131n\u0131 \u00f6ng\u00f6ren karar tasar\u0131s\u0131, Halk Meclisinin 6 \u015eubat tarihli oturumunda milletvekilleri taraf\u0131ndan tart\u0131\u015f\u0131l\u0131p karara ba\u011flanmas\u0131 ard\u0131ndan &hellip;<\/p>\n","protected":false},"author":1,"featured_media":104630,"comment_status":"closed","ping_status":"closed","sticky":false,"template":"","format":"standard","meta":{"footnotes":""},"categories":[479,605,17988,612,599,478],"tags":[16402,27541,27542],"class_list":["post-104629","post","type-post","status-publish","format-standard","has-post-thumbnail","","category-haberler-yerel","category-sayin-cumhurbaskani","category-son-haberler","category-yasama-kararnameler","category-yasama-ve-kanunlar","category-yerel","tag-cumhurbaskani-bessar-el-esad","tag-el-esad-meclisin-kararlastirdigi-kararnameyi-onayladi","tag-sivil-asliye-ve-temyiz-mahkemeleri"],"_links":{"self":[{"href":"https:\/\/archive.sana.sy\/tr\/index.php?rest_route=\/wp\/v2\/posts\/104629","targetHints":{"allow":["GET"]}}],"collection":[{"href":"https:\/\/archive.sana.sy\/tr\/index.php?rest_route=\/wp\/v2\/posts"}],"about":[{"href":"https:\/\/archive.sana.sy\/tr\/index.php?rest_route=\/wp\/v2\/types\/post"}],"author":[{"embeddable":true,"href":"https:\/\/archive.sana.sy\/tr\/index.php?rest_route=\/wp\/v2\/users\/1"}],"replies":[{"embeddable":true,"href":"https:\/\/archive.sana.sy\/tr\/index.php?rest_route=%2Fwp%2Fv2%2Fcomments&post=104629"}],"version-history":[{"count":0,"href":"https:\/\/archive.sana.sy\/tr\/index.php?rest_route=\/wp\/v2\/posts\/104629\/revisions"}],"wp:featuredmedia":[{"embeddable":true,"href":"https:\/\/archive.sana.sy\/tr\/index.php?rest_route=\/wp\/v2\/media\/104630"}],"wp:attachment":[{"href":"https:\/\/archive.sana.sy\/tr\/index.php?rest_route=%2Fwp%2Fv2%2Fmedia&parent=104629"}],"wp:term":[{"taxonomy":"category","embeddable":true,"href":"https:\/\/archive.sana.sy\/tr\/index.php?rest_route=%2Fwp%2Fv2%2Fcategories&post=104629"},{"taxonomy":"post_tag","embeddable":true,"href":"https:\/\/archive.sana.sy\/tr\/index.php?rest_route=%2Fwp%2Fv2%2Ftags&post=104629"}],"curies":[{"name":"wp","href":"https:\/\/api.w.org\/{rel}","templated":true}]}}