{"id":104632,"date":"2017-02-12T15:14:11","date_gmt":"2017-02-12T13:14:11","guid":{"rendered":"http:\/\/www.sana.sy\/tr\/?p=104632"},"modified":"2017-02-17T14:41:17","modified_gmt":"2017-02-17T12:41:17","slug":"yurtdisinda-evlilik-yapan-suriyelilerin-durumuna-iliskin-kanunname-onaylandi","status":"publish","type":"post","link":"https:\/\/archive.sana.sy\/tr\/?p=104632","title":{"rendered":"Yurtd\u0131\u015f\u0131nda Evlilik Yapan Suriyelilerin Durumuna \u0130li\u015fkin Kanunname Onayland\u0131"},"content":{"rendered":"<p>\u015eAM \u2013 Cumhurba\u015fkan\u0131 Be\u015f\u015far el Esad bug\u00fcn, medeni durumlara ili\u015fkin 2017\/26 say\u0131l\u0131 yasama karar\u0131n\u0131n bir k\u0131s\u0131m maddelerinin d\u00fczeltilmesini \u00f6ng\u00f6ren 2017\/04 say\u0131l\u0131 kanunnameyi onaylad\u0131.<\/p>\n<p>Halk Meclisinin 7 \u015eubat tarihli oturumunda tart\u0131\u015f\u0131p onaylamas\u0131 ard\u0131ndan onay i\u00e7in cumhurba\u015fkan\u0131na g\u00f6nderdi\u011fi kararname; yurtd\u0131\u015f\u0131nda evlilik yapan Suriyelilerin durumuna ili\u015fkin bir dizi d\u00fczenlemeler getiriyor.<\/p>\n<p>Kanunnamenin tam metni i\u00e7in a\u015fa\u011f\u0131daki linki t\u0131klay\u0131n:<\/p>\n<blockquote class=\"wp-embedded-content\" data-secret=\"xgvYE82e8i\"><p><a href=\"https:\/\/sana.sy\/?p=508223\">\u0627\u0644\u0631\u0626\u064a\u0633 \u0627\u0644\u0623\u0633\u062f \u064a\u0635\u062f\u0631 \u0642\u0627\u0646\u0648\u0646\u0627 \u0628\u062a\u0639\u062f\u064a\u0644 \u0639\u062f\u062f \u0645\u0646 \u0645\u0648\u0627\u062f \u0627\u0644\u0645\u0631\u0633\u0648\u0645 \u0627\u0644\u062a\u0634\u0631\u064a\u0639\u064a \u0631\u0642\u0645 26 \u0644\u0639\u0627\u0645 2007 \u0627\u0644\u062e\u0627\u0635 \u0628\u0627\u0644\u0623\u062d\u0648\u0627\u0644 \u0627\u0644\u0645\u062f\u0646\u064a\u0629<\/a><\/p><\/blockquote>\n<p><iframe loading=\"lazy\" class=\"wp-embedded-content\" sandbox=\"allow-scripts\" security=\"restricted\" style=\"position: absolute; clip: rect(1px, 1px, 1px, 1px);\" title=\"&#8220;\u0627\u0644\u0631\u0626\u064a\u0633 \u0627\u0644\u0623\u0633\u062f \u064a\u0635\u062f\u0631 \u0642\u0627\u0646\u0648\u0646\u0627 \u0628\u062a\u0639\u062f\u064a\u0644 \u0639\u062f\u062f \u0645\u0646 \u0645\u0648\u0627\u062f \u0627\u0644\u0645\u0631\u0633\u0648\u0645 \u0627\u0644\u062a\u0634\u0631\u064a\u0639\u064a \u0631\u0642\u0645 26 \u0644\u0639\u0627\u0645 2007 \u0627\u0644\u062e\u0627\u0635 \u0628\u0627\u0644\u0623\u062d\u0648\u0627\u0644 \u0627\u0644\u0645\u062f\u0646\u064a\u0629&#8221; &#8212; S A N A\" src=\"https:\/\/sana.sy\/?p=508223&#038;embed=true#?secret=5I8v9HVTcY#?secret=xgvYE82e8i\" data-secret=\"xgvYE82e8i\" width=\"600\" height=\"338\" frameborder=\"0\" marginwidth=\"0\" marginheight=\"0\" scrolling=\"no\"><\/iframe><\/p>\n<p>&nbsp;<\/p>\n","protected":false},"excerpt":{"rendered":"<p>\u015eAM \u2013 Cumhurba\u015fkan\u0131 Be\u015f\u015far el Esad bug\u00fcn, medeni durumlara ili\u015fkin 2017\/26 say\u0131l\u0131 yasama karar\u0131n\u0131n bir k\u0131s\u0131m maddelerinin d\u00fczeltilmesini \u00f6ng\u00f6ren 2017\/04 say\u0131l\u0131 kanunnameyi onaylad\u0131. Halk Meclisinin 7 \u015eubat tarihli oturumunda tart\u0131\u015f\u0131p onaylamas\u0131 ard\u0131ndan onay i\u00e7in cumhurba\u015fkan\u0131na g\u00f6nderdi\u011fi kararname; yurtd\u0131\u015f\u0131nda evlilik yapan Suriyelilerin durumuna ili\u015fkin bir dizi d\u00fczenlemeler getiriyor. Kanunnamenin tam metni i\u00e7in a\u015fa\u011f\u0131daki linki t\u0131klay\u0131n: \u0627\u0644\u0631\u0626\u064a\u0633 &hellip;<\/p>\n","protected":false},"author":1,"featured_media":101222,"comment_status":"closed","ping_status":"closed","sticky":false,"template":"","format":"standard","meta":{"footnotes":""},"categories":[479,605,17988,612,599,478],"tags":[27545,16402,27544,27543],"class_list":["post-104632","post","type-post","status-publish","format-standard","has-post-thumbnail","","category-haberler-yerel","category-sayin-cumhurbaskani","category-son-haberler","category-yasama-kararnameler","category-yasama-ve-kanunlar","category-yerel","tag-201704-sayili-kanunname","tag-cumhurbaskani-bessar-el-esad","tag-halk-meclisinin-7-subat-tarihli-oturumu","tag-yurtdisinda-evlilik-yapan-suriyelilerin-durumuna-iliskin-kanunname-onaylandi"],"_links":{"self":[{"href":"https:\/\/archive.sana.sy\/tr\/index.php?rest_route=\/wp\/v2\/posts\/104632","targetHints":{"allow":["GET"]}}],"collection":[{"href":"https:\/\/archive.sana.sy\/tr\/index.php?rest_route=\/wp\/v2\/posts"}],"about":[{"href":"https:\/\/archive.sana.sy\/tr\/index.php?rest_route=\/wp\/v2\/types\/post"}],"author":[{"embeddable":true,"href":"https:\/\/archive.sana.sy\/tr\/index.php?rest_route=\/wp\/v2\/users\/1"}],"replies":[{"embeddable":true,"href":"https:\/\/archive.sana.sy\/tr\/index.php?rest_route=%2Fwp%2Fv2%2Fcomments&post=104632"}],"version-history":[{"count":0,"href":"https:\/\/archive.sana.sy\/tr\/index.php?rest_route=\/wp\/v2\/posts\/104632\/revisions"}],"wp:featuredmedia":[{"embeddable":true,"href":"https:\/\/archive.sana.sy\/tr\/index.php?rest_route=\/wp\/v2\/media\/101222"}],"wp:attachment":[{"href":"https:\/\/archive.sana.sy\/tr\/index.php?rest_route=%2Fwp%2Fv2%2Fmedia&parent=104632"}],"wp:term":[{"taxonomy":"category","embeddable":true,"href":"https:\/\/archive.sana.sy\/tr\/index.php?rest_route=%2Fwp%2Fv2%2Fcategories&post=104632"},{"taxonomy":"post_tag","embeddable":true,"href":"https:\/\/archive.sana.sy\/tr\/index.php?rest_route=%2Fwp%2Fv2%2Ftags&post=104632"}],"curies":[{"name":"wp","href":"https:\/\/api.w.org\/{rel}","templated":true}]}}