{"id":104639,"date":"2017-02-12T15:25:53","date_gmt":"2017-02-12T13:25:53","guid":{"rendered":"http:\/\/www.sana.sy\/tr\/?p=104639"},"modified":"2017-02-13T09:45:14","modified_gmt":"2017-02-13T07:45:14","slug":"genclerin-tuketici-konumundan-uretici-konumuna-gecmeleri-planlaniyor","status":"publish","type":"post","link":"https:\/\/archive.sana.sy\/tr\/?p=104639","title":{"rendered":"Gen\u00e7lerin T\u00fcketici Konumundan \u00dcretici Konumuna Ge\u00e7meleri Planlan\u0131yor"},"content":{"rendered":"<p><a href=\"http:\/\/www.sana.sy\/tr\/wp-content\/uploads\/2017\/02\/2-41.jpg\"><img loading=\"lazy\" decoding=\"async\" class=\"alignright wp-image-104641 size-medium\" src=\"http:\/\/www.sana.sy\/tr\/wp-content\/uploads\/2017\/02\/2-41-300x168.jpg\" width=\"300\" height=\"168\" srcset=\"https:\/\/archive.sana.sy\/tr\/wp-content\/uploads\/2017\/02\/2-41-300x168.jpg 300w, https:\/\/archive.sana.sy\/tr\/wp-content\/uploads\/2017\/02\/2-41-150x84.jpg 150w, https:\/\/archive.sana.sy\/tr\/wp-content\/uploads\/2017\/02\/2-41.jpg 660w\" sizes=\"auto, (max-width: 300px) 100vw, 300px\" \/><\/a>\u015eAM \u2013 Yeniden yap\u0131lanma ve \u00f6n\u00fcm\u00fczdeki s\u00fcrecin t\u00fcm gereksinimlerine haz\u0131rl\u0131k olarak Senin \u0130\u00e7in Suriye Kalk\u0131nma Kurumu \u2018\u00dcretici Ol\u2019 slogan\u0131 alt\u0131nda Savaid (Kollar) Projesinin start\u0131na haz\u0131rlan\u0131yor.<\/p>\n<p>Projede i\u015fsiz gen\u00e7lerin e\u011fitilmelerinin yan\u0131 s\u0131ra hobi ve yeteneklerinin geli\u015ftirilmesiyle olduk\u00e7a ciddi derecede be\u015feri kaynaklara gereksinim duyacak yeniden yap\u0131land\u0131rma s\u00fcrecinde kendilerinden istenilen g\u00f6revi en iyi \u015fekilde yerine getirmeleri ama\u00e7lan\u0131yor.<\/p>\n<p>Gerek muhtelif bakanl\u0131klar ve kurumlar\u0131n yan\u0131 s\u0131ra gerekse ekonomik ve sosyal faaliyetlerden olduk\u00e7a ciddi destek alan ve yurt genelinde en \u00f6nemli ulusalc\u0131 projelerden biri say\u0131lan projede; ge\u00e7ici ikamet merkezlerinde bulunan ter\u00f6r ma\u011fduru gen\u00e7lere ilaveten \u015fehit yak\u0131nlar\u0131 ve yaral\u0131lara odaklan\u0131yor. Projede s\u00f6z konusu gen\u00e7lerin t\u00fcketici konumundan ulusal ekonomiye destek veren \u00fcretici konumuna ge\u00e7meleri planlan\u0131yor.<\/p>\n<p><a href=\"http:\/\/www.sana.sy\/tr\/wp-content\/uploads\/2017\/02\/4-24.jpg\"><img loading=\"lazy\" decoding=\"async\" class=\"aligncenter wp-image-104642 size-full\" src=\"http:\/\/www.sana.sy\/tr\/wp-content\/uploads\/2017\/02\/4-24.jpg\" width=\"660\" height=\"330\" srcset=\"https:\/\/archive.sana.sy\/tr\/wp-content\/uploads\/2017\/02\/4-24.jpg 660w, https:\/\/archive.sana.sy\/tr\/wp-content\/uploads\/2017\/02\/4-24-150x75.jpg 150w, https:\/\/archive.sana.sy\/tr\/wp-content\/uploads\/2017\/02\/4-24-300x150.jpg 300w\" sizes=\"auto, (max-width: 660px) 100vw, 660px\" \/><\/a><\/p>\n","protected":false},"excerpt":{"rendered":"<p>\u015eAM \u2013 Yeniden yap\u0131lanma ve \u00f6n\u00fcm\u00fczdeki s\u00fcrecin t\u00fcm gereksinimlerine haz\u0131rl\u0131k olarak Senin \u0130\u00e7in Suriye Kalk\u0131nma Kurumu \u2018\u00dcretici Ol\u2019 slogan\u0131 alt\u0131nda Savaid (Kollar) Projesinin start\u0131na haz\u0131rlan\u0131yor. Projede i\u015fsiz gen\u00e7lerin e\u011fitilmelerinin yan\u0131 s\u0131ra hobi ve yeteneklerinin geli\u015ftirilmesiyle olduk\u00e7a ciddi derecede be\u015feri kaynaklara gereksinim duyacak yeniden yap\u0131land\u0131rma s\u00fcrecinde kendilerinden istenilen g\u00f6revi en iyi \u015fekilde yerine getirmeleri ama\u00e7lan\u0131yor. Gerek &hellip;<\/p>\n","protected":false},"author":1,"featured_media":104640,"comment_status":"closed","ping_status":"closed","sticky":false,"template":"","format":"standard","meta":{"footnotes":""},"categories":[479,17988,478],"tags":[27546],"class_list":["post-104639","post","type-post","status-publish","format-standard","has-post-thumbnail","","category-haberler-yerel","category-son-haberler","category-yerel","tag-genclerin-tuketici-konumundan-uretici-konumuna-gecmeleri-planlaniyor"],"_links":{"self":[{"href":"https:\/\/archive.sana.sy\/tr\/index.php?rest_route=\/wp\/v2\/posts\/104639","targetHints":{"allow":["GET"]}}],"collection":[{"href":"https:\/\/archive.sana.sy\/tr\/index.php?rest_route=\/wp\/v2\/posts"}],"about":[{"href":"https:\/\/archive.sana.sy\/tr\/index.php?rest_route=\/wp\/v2\/types\/post"}],"author":[{"embeddable":true,"href":"https:\/\/archive.sana.sy\/tr\/index.php?rest_route=\/wp\/v2\/users\/1"}],"replies":[{"embeddable":true,"href":"https:\/\/archive.sana.sy\/tr\/index.php?rest_route=%2Fwp%2Fv2%2Fcomments&post=104639"}],"version-history":[{"count":0,"href":"https:\/\/archive.sana.sy\/tr\/index.php?rest_route=\/wp\/v2\/posts\/104639\/revisions"}],"wp:featuredmedia":[{"embeddable":true,"href":"https:\/\/archive.sana.sy\/tr\/index.php?rest_route=\/wp\/v2\/media\/104640"}],"wp:attachment":[{"href":"https:\/\/archive.sana.sy\/tr\/index.php?rest_route=%2Fwp%2Fv2%2Fmedia&parent=104639"}],"wp:term":[{"taxonomy":"category","embeddable":true,"href":"https:\/\/archive.sana.sy\/tr\/index.php?rest_route=%2Fwp%2Fv2%2Fcategories&post=104639"},{"taxonomy":"post_tag","embeddable":true,"href":"https:\/\/archive.sana.sy\/tr\/index.php?rest_route=%2Fwp%2Fv2%2Ftags&post=104639"}],"curies":[{"name":"wp","href":"https:\/\/api.w.org\/{rel}","templated":true}]}}