{"id":104644,"date":"2017-02-12T15:48:43","date_gmt":"2017-02-12T13:48:43","guid":{"rendered":"http:\/\/www.sana.sy\/tr\/?p=104644"},"modified":"2017-02-13T09:45:03","modified_gmt":"2017-02-13T07:45:03","slug":"isidli-saldirganlara-karsi-koyuldu","status":"publish","type":"post","link":"https:\/\/archive.sana.sy\/tr\/?p=104644","title":{"rendered":"I\u015e\u0130D\u2019li Sald\u0131rganlara Kar\u015f\u0131 Koyuldu"},"content":{"rendered":"<p>S\u00dcVEYDA \u2013 Halk Savunma G\u00fc\u00e7leri S\u00fcveyda k\u0131rsal\u0131n\u0131n kuzeydo\u011fusu Berk K\u00f6y\u00fcnde sivil vatanda\u015flara sald\u0131ran I\u015e\u0130D ter\u00f6r \u00f6rg\u00fct\u00fcne kar\u015f\u0131 koydu.<\/p>\n<p>SANA muhabiri a\u011f\u0131r makineli silahlarla donat\u0131lm\u0131\u015f ara\u00e7 kullanan I\u015e\u0130D\u2019li bir ter\u00f6r grubunun Tel Saad B\u00f6lgesinin bat\u0131s\u0131ndan berk K\u00f6y\u00fcn\u00fcn kuzeyinde \u00e7obanlara ate\u015f a\u00e7malar\u0131 sonucunda Halk Savunma G\u00fc\u00e7lerinin bu radikal ter\u00f6ristlere kar\u015f\u0131 koyduklar\u0131n\u0131 aktard\u0131. Muhabir Halk Savunma G\u00fc\u00e7lerinin radikal ter\u00f6ristlerin saflar\u0131nda direk isabetlere yol a\u00e7t\u0131klar\u0131n\u0131 kaydetti.<\/p>\n","protected":false},"excerpt":{"rendered":"<p>S\u00dcVEYDA \u2013 Halk Savunma G\u00fc\u00e7leri S\u00fcveyda k\u0131rsal\u0131n\u0131n kuzeydo\u011fusu Berk K\u00f6y\u00fcnde sivil vatanda\u015flara sald\u0131ran I\u015e\u0130D ter\u00f6r \u00f6rg\u00fct\u00fcne kar\u015f\u0131 koydu. SANA muhabiri a\u011f\u0131r makineli silahlarla donat\u0131lm\u0131\u015f ara\u00e7 kullanan I\u015e\u0130D\u2019li bir ter\u00f6r grubunun Tel Saad B\u00f6lgesinin bat\u0131s\u0131ndan berk K\u00f6y\u00fcn\u00fcn kuzeyinde \u00e7obanlara ate\u015f a\u00e7malar\u0131 sonucunda Halk Savunma G\u00fc\u00e7lerinin bu radikal ter\u00f6ristlere kar\u015f\u0131 koyduklar\u0131n\u0131 aktard\u0131. Muhabir Halk Savunma G\u00fc\u00e7lerinin radikal &hellip;<\/p>\n","protected":false},"author":1,"featured_media":104645,"comment_status":"closed","ping_status":"closed","sticky":false,"template":"","format":"standard","meta":{"footnotes":""},"categories":[479,575,17988,478],"tags":[27547,11549,19174,22182,27548],"class_list":["post-104644","post","type-post","status-publish","format-standard","has-post-thumbnail","","category-haberler-yerel","category-olaylar-ve-gercekler","category-son-haberler","category-yerel","tag-isidli-saldirganlara-karsi-koyuldu","tag-suriye-ordusu","tag-suriyede-son-durumlar","tag-suriyede-savas","tag-suveyda-kirsalinin-kuzeydogusu-berk-koyu"],"_links":{"self":[{"href":"https:\/\/archive.sana.sy\/tr\/index.php?rest_route=\/wp\/v2\/posts\/104644","targetHints":{"allow":["GET"]}}],"collection":[{"href":"https:\/\/archive.sana.sy\/tr\/index.php?rest_route=\/wp\/v2\/posts"}],"about":[{"href":"https:\/\/archive.sana.sy\/tr\/index.php?rest_route=\/wp\/v2\/types\/post"}],"author":[{"embeddable":true,"href":"https:\/\/archive.sana.sy\/tr\/index.php?rest_route=\/wp\/v2\/users\/1"}],"replies":[{"embeddable":true,"href":"https:\/\/archive.sana.sy\/tr\/index.php?rest_route=%2Fwp%2Fv2%2Fcomments&post=104644"}],"version-history":[{"count":0,"href":"https:\/\/archive.sana.sy\/tr\/index.php?rest_route=\/wp\/v2\/posts\/104644\/revisions"}],"wp:featuredmedia":[{"embeddable":true,"href":"https:\/\/archive.sana.sy\/tr\/index.php?rest_route=\/wp\/v2\/media\/104645"}],"wp:attachment":[{"href":"https:\/\/archive.sana.sy\/tr\/index.php?rest_route=%2Fwp%2Fv2%2Fmedia&parent=104644"}],"wp:term":[{"taxonomy":"category","embeddable":true,"href":"https:\/\/archive.sana.sy\/tr\/index.php?rest_route=%2Fwp%2Fv2%2Fcategories&post=104644"},{"taxonomy":"post_tag","embeddable":true,"href":"https:\/\/archive.sana.sy\/tr\/index.php?rest_route=%2Fwp%2Fv2%2Ftags&post=104644"}],"curies":[{"name":"wp","href":"https:\/\/api.w.org\/{rel}","templated":true}]}}