{"id":104658,"date":"2017-02-12T10:30:50","date_gmt":"2017-02-12T08:30:50","guid":{"rendered":"http:\/\/www.sana.sy\/tr\/?p=104658"},"modified":"2017-02-13T09:46:50","modified_gmt":"2017-02-13T07:46:50","slug":"nasrullah-gercekleri-carpitma-ve-iftiralardan-baska-hicbir-mantiklari-kalmadi","status":"publish","type":"post","link":"https:\/\/archive.sana.sy\/tr\/?p=104658","title":{"rendered":"Nasrullah: Ger\u00e7ekleri \u00c7arp\u0131tma ve \u0130ftiralardan Ba\u015fka Hi\u00e7bir Mant\u0131klar\u0131 Kalmad\u0131"},"content":{"rendered":"<p>BEYRUT \u2013 L\u00fcbnan&#8217;da Hizbullah Partisi Genel Sekreteri Hasan Nasrullah; Suriye&#8217;de kanlar\u0131n ak\u0131t\u0131lmas\u0131na son verme ve siyasi \u00e7\u00f6z\u00fcm\u00fcn sa\u011flanmas\u0131na f\u0131rsat verme amac\u0131yla partinin \u00e7at\u0131\u015fmalar\u0131n durdurulmas\u0131 y\u00f6n\u00fcnde herhangi bir anla\u015fmay\u0131 tam bir \u015fekilde destekledi\u011fini belirtti.<\/p>\n<p>Hizbullah Partisinin y\u00f6netim kurulu \u00fcyesi \u015eeyh H\u00fcseyin Ubeyd\u2019i anma etkinli\u011finde konu\u015fan Nasrullah; Suriye&#8217;de ter\u00f6r\u00fc destekleyen ve y\u00f6nlendiren devletlerin, bu desteklerini ve su\u00e7lar\u0131n\u0131 \u00f6rtbas etmek i\u00e7in as\u0131ls\u0131z haberler \u00f6ne s\u00fcrme ve ger\u00e7ekleri \u00e7arp\u0131tmaktan ba\u015fka hi\u00e7bir mant\u0131\u011fa sahip olmad\u0131klar\u0131n\u0131 belirtti.<\/p>\n<p>Nasrullah Suriye ordusunun Halep ve ahalisini d\u0131\u015f destekli ter\u00f6rden kurtarmas\u0131n\u0131n, Suriye&#8217;deki krizin siyasi \u00e7\u00f6z\u00fcm\u00fcne \u00f6nemli bir deste\u011fin yan\u0131 s\u0131ra bir\u00e7ok b\u00f6lgede ulusal uzla\u015fma \u00e7abalar\u0131n\u0131n ba\u015far\u0131l\u0131 olmas\u0131na ciddi bir katk\u0131 sa\u011flad\u0131\u011f\u0131n\u0131 belirtti.<\/p>\n","protected":false},"excerpt":{"rendered":"<p>BEYRUT \u2013 L\u00fcbnan&#8217;da Hizbullah Partisi Genel Sekreteri Hasan Nasrullah; Suriye&#8217;de kanlar\u0131n ak\u0131t\u0131lmas\u0131na son verme ve siyasi \u00e7\u00f6z\u00fcm\u00fcn sa\u011flanmas\u0131na f\u0131rsat verme amac\u0131yla partinin \u00e7at\u0131\u015fmalar\u0131n durdurulmas\u0131 y\u00f6n\u00fcnde herhangi bir anla\u015fmay\u0131 tam bir \u015fekilde destekledi\u011fini belirtti. Hizbullah Partisinin y\u00f6netim kurulu \u00fcyesi \u015eeyh H\u00fcseyin Ubeyd\u2019i anma etkinli\u011finde konu\u015fan Nasrullah; Suriye&#8217;de ter\u00f6r\u00fc destekleyen ve y\u00f6nlendiren devletlerin, bu desteklerini ve su\u00e7lar\u0131n\u0131 &hellip;<\/p>\n","protected":false},"author":1,"featured_media":104659,"comment_status":"closed","ping_status":"closed","sticky":false,"template":"","format":"standard","meta":{"footnotes":""},"categories":[458,459,17988],"tags":[26273,27553,26272,27552],"class_list":["post-104658","post","type-post","status-publish","format-standard","has-post-thumbnail","","category-dunya1","category-haberler-arap-uluslararasi-politika","category-son-haberler","tag-hizbullah-partisi-genel-sekreteri-hasan-nasrullah","tag-hizbullah-partisinin-yonetim-kurulu-uyesi-seyh-huseyin-ubeyd","tag-lubnanda-hizbullah-partisi","tag-nasrullah-gercekleri-carpitma-ve-iftiralardan-baska-hicbir-mantiklari-kalmadi"],"_links":{"self":[{"href":"https:\/\/archive.sana.sy\/tr\/index.php?rest_route=\/wp\/v2\/posts\/104658","targetHints":{"allow":["GET"]}}],"collection":[{"href":"https:\/\/archive.sana.sy\/tr\/index.php?rest_route=\/wp\/v2\/posts"}],"about":[{"href":"https:\/\/archive.sana.sy\/tr\/index.php?rest_route=\/wp\/v2\/types\/post"}],"author":[{"embeddable":true,"href":"https:\/\/archive.sana.sy\/tr\/index.php?rest_route=\/wp\/v2\/users\/1"}],"replies":[{"embeddable":true,"href":"https:\/\/archive.sana.sy\/tr\/index.php?rest_route=%2Fwp%2Fv2%2Fcomments&post=104658"}],"version-history":[{"count":0,"href":"https:\/\/archive.sana.sy\/tr\/index.php?rest_route=\/wp\/v2\/posts\/104658\/revisions"}],"wp:featuredmedia":[{"embeddable":true,"href":"https:\/\/archive.sana.sy\/tr\/index.php?rest_route=\/wp\/v2\/media\/104659"}],"wp:attachment":[{"href":"https:\/\/archive.sana.sy\/tr\/index.php?rest_route=%2Fwp%2Fv2%2Fmedia&parent=104658"}],"wp:term":[{"taxonomy":"category","embeddable":true,"href":"https:\/\/archive.sana.sy\/tr\/index.php?rest_route=%2Fwp%2Fv2%2Fcategories&post=104658"},{"taxonomy":"post_tag","embeddable":true,"href":"https:\/\/archive.sana.sy\/tr\/index.php?rest_route=%2Fwp%2Fv2%2Ftags&post=104658"}],"curies":[{"name":"wp","href":"https:\/\/api.w.org\/{rel}","templated":true}]}}