{"id":104670,"date":"2017-02-13T14:15:25","date_gmt":"2017-02-13T12:15:25","guid":{"rendered":"http:\/\/www.sana.sy\/tr\/?p=104670"},"modified":"2017-02-15T16:17:30","modified_gmt":"2017-02-15T14:17:30","slug":"hukumet-teroristlerin-kacirdiklari-vatandaslari-mahkumlarla-degistirmeye-hazir","status":"publish","type":"post","link":"https:\/\/archive.sana.sy\/tr\/?p=104670","title":{"rendered":"H\u00fck\u00fcmet, Ter\u00f6ristlerin Ka\u00e7\u0131rd\u0131klar\u0131 Vatanda\u015flar\u0131 Mahkumlarla De\u011fi\u015ftirmeye Haz\u0131r"},"content":{"rendered":"<p>\u015eAM \u2013 Resmi bir kaynak Suriye h\u00fck\u00fcmetinin, Suriye&#8217;nin her kar\u0131\u015f topra\u011f\u0131nda ter\u00f6ristler taraf\u0131ndan ka\u00e7\u0131r\u0131lan sivil vatanda\u015flar yada askerlerin can g\u00fcvenli\u011fine \u00f6zen \u00e7er\u00e7evesinde bu vatanda\u015flar\u0131 ya da askerleri mahkumlarla de\u011fi\u015ftirmeye haz\u0131r oldu\u011funu belirtti.<\/p>\n<p>Resmi kaynak ilgili bakanl\u0131k ve kurumlarla yap\u0131lan \u00e7al\u0131\u015fmalar ve ter\u00f6ristler taraf\u0131ndan ka\u00e7\u0131r\u0131lan y\u00fcksek say\u0131da vatanda\u015f\u0131n kurtar\u0131lmas\u0131 ard\u0131ndan \u00f6zellikle yap\u0131lmas\u0131 beklenen Astana g\u00f6r\u00fc\u015fmeleri i\u00e7in harcanan \u00e7abalar kapsam\u0131nda h\u00fck\u00fcmetin, mahkumlar\u0131 ter\u00f6ristler taraf\u0131ndan ka\u00e7\u0131r\u0131lan sivil vatanda\u015flar ya da askerlerle de\u011fi\u015ftirmeye haz\u0131r oldu\u011funu kaydetti.<\/p>\n<p>Bu arada devletin yo\u011fun \u00e7abalar\u0131 sonucunda birka\u00e7 g\u00fcn \u00f6nce; ter\u00f6ristlerin yakla\u015f\u0131k 3,5 y\u0131l \u00f6nce Lazkiye k\u0131rsal\u0131ndan ka\u00e7\u0131rd\u0131klar\u0131, geneli \u00e7ocuk ve kad\u0131nlardan olu\u015fan onlarca vatanda\u015f ter\u00f6ristlerin elinden kurtar\u0131lm\u0131\u015ft\u0131.<\/p>\n","protected":false},"excerpt":{"rendered":"<p>\u015eAM \u2013 Resmi bir kaynak Suriye h\u00fck\u00fcmetinin, Suriye&#8217;nin her kar\u0131\u015f topra\u011f\u0131nda ter\u00f6ristler taraf\u0131ndan ka\u00e7\u0131r\u0131lan sivil vatanda\u015flar yada askerlerin can g\u00fcvenli\u011fine \u00f6zen \u00e7er\u00e7evesinde bu vatanda\u015flar\u0131 ya da askerleri mahkumlarla de\u011fi\u015ftirmeye haz\u0131r oldu\u011funu belirtti. Resmi kaynak ilgili bakanl\u0131k ve kurumlarla yap\u0131lan \u00e7al\u0131\u015fmalar ve ter\u00f6ristler taraf\u0131ndan ka\u00e7\u0131r\u0131lan y\u00fcksek say\u0131da vatanda\u015f\u0131n kurtar\u0131lmas\u0131 ard\u0131ndan \u00f6zellikle yap\u0131lmas\u0131 beklenen Astana g\u00f6r\u00fc\u015fmeleri i\u00e7in &hellip;<\/p>\n","protected":false},"author":1,"featured_media":104671,"comment_status":"closed","ping_status":"closed","sticky":false,"template":"","format":"standard","meta":{"footnotes":""},"categories":[479,17988,478],"tags":[17013,27555,27554],"class_list":["post-104670","post","type-post","status-publish","format-standard","has-post-thumbnail","","category-haberler-yerel","category-son-haberler","category-yerel","tag-hukumet","tag-sam-resmi-bir-kaynak-suriye-hukumetinin","tag-teroristlerin-kacirdiklari-vatandaslari-mahkumlarla-degistirmeye-hazir"],"_links":{"self":[{"href":"https:\/\/archive.sana.sy\/tr\/index.php?rest_route=\/wp\/v2\/posts\/104670","targetHints":{"allow":["GET"]}}],"collection":[{"href":"https:\/\/archive.sana.sy\/tr\/index.php?rest_route=\/wp\/v2\/posts"}],"about":[{"href":"https:\/\/archive.sana.sy\/tr\/index.php?rest_route=\/wp\/v2\/types\/post"}],"author":[{"embeddable":true,"href":"https:\/\/archive.sana.sy\/tr\/index.php?rest_route=\/wp\/v2\/users\/1"}],"replies":[{"embeddable":true,"href":"https:\/\/archive.sana.sy\/tr\/index.php?rest_route=%2Fwp%2Fv2%2Fcomments&post=104670"}],"version-history":[{"count":0,"href":"https:\/\/archive.sana.sy\/tr\/index.php?rest_route=\/wp\/v2\/posts\/104670\/revisions"}],"wp:featuredmedia":[{"embeddable":true,"href":"https:\/\/archive.sana.sy\/tr\/index.php?rest_route=\/wp\/v2\/media\/104671"}],"wp:attachment":[{"href":"https:\/\/archive.sana.sy\/tr\/index.php?rest_route=%2Fwp%2Fv2%2Fmedia&parent=104670"}],"wp:term":[{"taxonomy":"category","embeddable":true,"href":"https:\/\/archive.sana.sy\/tr\/index.php?rest_route=%2Fwp%2Fv2%2Fcategories&post=104670"},{"taxonomy":"post_tag","embeddable":true,"href":"https:\/\/archive.sana.sy\/tr\/index.php?rest_route=%2Fwp%2Fv2%2Ftags&post=104670"}],"curies":[{"name":"wp","href":"https:\/\/api.w.org\/{rel}","templated":true}]}}