{"id":104688,"date":"2017-02-13T10:03:00","date_gmt":"2017-02-13T08:03:00","guid":{"rendered":"http:\/\/www.sana.sy\/tr\/?p=104688"},"modified":"2017-02-13T14:06:33","modified_gmt":"2017-02-13T12:06:33","slug":"rusya-disisleri-bakan-yardimcisi-mihail-bogdanov-15-16-subat-tarihleri-arasinda-kazakistanin-baskenti-astanada-ikincisi-duzenlenecek-olan-suriyeliler-arasi-gorusmelerde-ustune-odaklanilacak-temel","status":"publish","type":"post","link":"https:\/\/archive.sana.sy\/tr\/?p=104688","title":{"rendered":"Rusya D\u0131\u015fi\u015fleri Bakan Yard\u0131mc\u0131s\u0131 Mihail Bogdanov 15-16 \u015eubat tarihleri aras\u0131nda Kazakistan&#8217;\u0131n ba\u015fkenti Astana&#8217;da ikincisi d\u00fczenlenecek olan Suriyeliler aras\u0131 g\u00f6r\u00fc\u015fmelerde \u00fcst\u00fcne odaklan\u0131lacak temel konunun, Suriye&#8217;de \u00e7at\u0131\u015fmalar\u0131n durdurulmas\u0131n\u0131 peki\u015ftirmek olaca\u011f\u0131n\u0131 belirtti."},"content":{"rendered":"<p>Rusya D\u0131\u015fi\u015fleri Bakan Yard\u0131mc\u0131s\u0131 Mihail Bogdanov 15-16 \u015eubat tarihleri aras\u0131nda Kazakistan&#8217;\u0131n ba\u015fkenti Astana&#8217;da ikincisi d\u00fczenlenecek olan Suriyeliler aras\u0131 g\u00f6r\u00fc\u015fmelerde \u00fcst\u00fcne odaklan\u0131lacak temel konunun, Suriye&#8217;de \u00e7at\u0131\u015fmalar\u0131n durdurulmas\u0131n\u0131 peki\u015ftirmek olaca\u011f\u0131n\u0131 belirtti.<\/p>\n","protected":false},"excerpt":{"rendered":"<p>Rusya D\u0131\u015fi\u015fleri Bakan Yard\u0131mc\u0131s\u0131 Mihail Bogdanov 15-16 \u015eubat tarihleri aras\u0131nda Kazakistan&#8217;\u0131n ba\u015fkenti Astana&#8217;da ikincisi d\u00fczenlenecek olan Suriyeliler aras\u0131 g\u00f6r\u00fc\u015fmelerde \u00fcst\u00fcne odaklan\u0131lacak temel konunun, Suriye&#8217;de \u00e7at\u0131\u015fmalar\u0131n durdurulmas\u0131n\u0131 peki\u015ftirmek olaca\u011f\u0131n\u0131 belirtti.<\/p>\n","protected":false},"author":1,"featured_media":0,"comment_status":"closed","ping_status":"closed","sticky":false,"template":"","format":"standard","meta":{"footnotes":""},"categories":[17991],"tags":[],"class_list":["post-104688","post","type-post","status-publish","format-standard","","category-son-dakika"],"_links":{"self":[{"href":"https:\/\/archive.sana.sy\/tr\/index.php?rest_route=\/wp\/v2\/posts\/104688","targetHints":{"allow":["GET"]}}],"collection":[{"href":"https:\/\/archive.sana.sy\/tr\/index.php?rest_route=\/wp\/v2\/posts"}],"about":[{"href":"https:\/\/archive.sana.sy\/tr\/index.php?rest_route=\/wp\/v2\/types\/post"}],"author":[{"embeddable":true,"href":"https:\/\/archive.sana.sy\/tr\/index.php?rest_route=\/wp\/v2\/users\/1"}],"replies":[{"embeddable":true,"href":"https:\/\/archive.sana.sy\/tr\/index.php?rest_route=%2Fwp%2Fv2%2Fcomments&post=104688"}],"version-history":[{"count":0,"href":"https:\/\/archive.sana.sy\/tr\/index.php?rest_route=\/wp\/v2\/posts\/104688\/revisions"}],"wp:attachment":[{"href":"https:\/\/archive.sana.sy\/tr\/index.php?rest_route=%2Fwp%2Fv2%2Fmedia&parent=104688"}],"wp:term":[{"taxonomy":"category","embeddable":true,"href":"https:\/\/archive.sana.sy\/tr\/index.php?rest_route=%2Fwp%2Fv2%2Fcategories&post=104688"},{"taxonomy":"post_tag","embeddable":true,"href":"https:\/\/archive.sana.sy\/tr\/index.php?rest_route=%2Fwp%2Fv2%2Ftags&post=104688"}],"curies":[{"name":"wp","href":"https:\/\/api.w.org\/{rel}","templated":true}]}}