{"id":10469,"date":"2014-09-19T12:10:37","date_gmt":"2014-09-19T09:10:37","guid":{"rendered":"http:\/\/www.sana.sy\/tr\/?p=10469"},"modified":"2014-09-19T17:51:03","modified_gmt":"2014-09-19T14:51:03","slug":"filipinler-guclerini-golandan-geri-cekti","status":"publish","type":"post","link":"https:\/\/archive.sana.sy\/tr\/?p=10469","title":{"rendered":"Filipinler G\u00fc\u00e7lerini Golan\u2019dan Geri \u00c7ekti"},"content":{"rendered":"<p>MANELLA &#8211; Filipinler, Suriye\u2019nin Golan tepelerinde uluslararas\u0131 bar\u0131\u015f\u0131 koruma g\u00fcc\u00fc UNDOF\u2019ta g\u00f6rev alan askerlerini ge\u00e7en ayda silahl\u0131 ter\u00f6rist \u00f6rg\u00fctler taraf\u0131ndan sald\u0131r\u0131ya maruz kald\u0131ktan sonra geri \u00e7ekti\u011fini bildirdi.<\/p>\n<p>Xinhua haber ajans\u0131 Filipinler Ordusu s\u00f6zc\u00fcs\u00fcn\u00fcn Filipin ordusuna ba\u011fl\u0131 7. tugay\u0131n 300 askerden olu\u015fan ilk b\u00f6l\u00fcm\u00fcn\u00fcn Birle\u015fmi\u015f Milletlere ait bir u\u00e7akla \u00fclkelerine geri d\u00f6nd\u00fc\u011f\u00fc, 85 askerden olu\u015fan ikinci b\u00f6l\u00fcm\u00fcn ise gelecek Pazar g\u00fcn\u00fcnde geri d\u00f6nece\u011fi y\u00f6n\u00fcndeki a\u00e7\u0131klamalar\u0131n\u0131 aktard\u0131.<\/p>\n<p>S\u00f6zc\u00fc \u00e7ekilme karar\u0131n\u0131n ka\u00e7\u0131rma sorunu \u00fczerine Filipinler emniyet mensuplar\u0131 ile kuvvet komutan\u0131 aras\u0131nda \u00e7\u0131kan sorunla alakas\u0131 olmad\u0131\u011f\u0131n\u0131 s\u00f6yledi.<\/p>\n","protected":false},"excerpt":{"rendered":"<p>MANELLA &#8211; Filipinler, Suriye\u2019nin Golan tepelerinde uluslararas\u0131 bar\u0131\u015f\u0131 koruma g\u00fcc\u00fc UNDOF\u2019ta g\u00f6rev alan askerlerini ge\u00e7en ayda silahl\u0131 ter\u00f6rist \u00f6rg\u00fctler taraf\u0131ndan sald\u0131r\u0131ya maruz kald\u0131ktan sonra geri \u00e7ekti\u011fini bildirdi. Xinhua haber ajans\u0131 Filipinler Ordusu s\u00f6zc\u00fcs\u00fcn\u00fcn Filipin ordusuna ba\u011fl\u0131 7. tugay\u0131n 300 askerden olu\u015fan ilk b\u00f6l\u00fcm\u00fcn\u00fcn Birle\u015fmi\u015f Milletlere ait bir u\u00e7akla \u00fclkelerine geri d\u00f6nd\u00fc\u011f\u00fc, 85 askerden olu\u015fan ikinci &hellip;<\/p>\n","protected":false},"author":1,"featured_media":10528,"comment_status":"closed","ping_status":"closed","sticky":false,"template":"","format":"standard","meta":{"footnotes":""},"categories":[458,459,447],"tags":[2427],"class_list":["post-10469","post","type-post","status-publish","format-standard","has-post-thumbnail","","category-dunya1","category-haberler-arap-uluslararasi-politika","category-politika","tag-filipinler-guclerini-golandan-geri-cekti"],"_links":{"self":[{"href":"https:\/\/archive.sana.sy\/tr\/index.php?rest_route=\/wp\/v2\/posts\/10469","targetHints":{"allow":["GET"]}}],"collection":[{"href":"https:\/\/archive.sana.sy\/tr\/index.php?rest_route=\/wp\/v2\/posts"}],"about":[{"href":"https:\/\/archive.sana.sy\/tr\/index.php?rest_route=\/wp\/v2\/types\/post"}],"author":[{"embeddable":true,"href":"https:\/\/archive.sana.sy\/tr\/index.php?rest_route=\/wp\/v2\/users\/1"}],"replies":[{"embeddable":true,"href":"https:\/\/archive.sana.sy\/tr\/index.php?rest_route=%2Fwp%2Fv2%2Fcomments&post=10469"}],"version-history":[{"count":0,"href":"https:\/\/archive.sana.sy\/tr\/index.php?rest_route=\/wp\/v2\/posts\/10469\/revisions"}],"wp:featuredmedia":[{"embeddable":true,"href":"https:\/\/archive.sana.sy\/tr\/index.php?rest_route=\/wp\/v2\/media\/10528"}],"wp:attachment":[{"href":"https:\/\/archive.sana.sy\/tr\/index.php?rest_route=%2Fwp%2Fv2%2Fmedia&parent=10469"}],"wp:term":[{"taxonomy":"category","embeddable":true,"href":"https:\/\/archive.sana.sy\/tr\/index.php?rest_route=%2Fwp%2Fv2%2Fcategories&post=10469"},{"taxonomy":"post_tag","embeddable":true,"href":"https:\/\/archive.sana.sy\/tr\/index.php?rest_route=%2Fwp%2Fv2%2Ftags&post=10469"}],"curies":[{"name":"wp","href":"https:\/\/api.w.org\/{rel}","templated":true}]}}