{"id":104698,"date":"2017-02-13T10:33:44","date_gmt":"2017-02-13T08:33:44","guid":{"rendered":"http:\/\/www.sana.sy\/tr\/?p=104698"},"modified":"2017-02-13T15:00:33","modified_gmt":"2017-02-13T13:00:33","slug":"askeri-kaynak-kentin-gassan-abbud-bulvari-civarinda-isidin-toplanma-yerleri-ve-hareketlenmelerini-yogun-atese-tutmalariyla-isidli-bir-teror-grubunun-tum-uyelerini-olu-ve-yarali-dusur","status":"publish","type":"post","link":"https:\/\/archive.sana.sy\/tr\/?p=104698","title":{"rendered":"Askeri kaynak kentin \u011eassan Abbud Bulvar\u0131 civar\u0131nda I\u015e\u0130D\u2019in toplanma yerleri ve hareketlenmelerini yo\u011fun ate\u015fe tutmalar\u0131yla I\u015e\u0130D\u2019li bir ter\u00f6r grubunun t\u00fcm \u00fcyelerini \u00f6l\u00fc ve yaral\u0131 d\u00fc\u015f\u00fcr\u00fcp tekfircilere ait bir cephane deposu ve a\u011f\u0131r makineli silahla donat\u0131lm\u0131\u015f bir arac\u0131 y\u00fck\u00fcyle birlikte tamamen imha ettiklerini kaydetti"},"content":{"rendered":"<p>Askeri kaynak kentin \u011eassan Abbud Bulvar\u0131 civar\u0131nda I\u015e\u0130D\u2019in toplanma yerleri ve hareketlenmelerini yo\u011fun ate\u015fe tutmalar\u0131yla I\u015e\u0130D\u2019li bir ter\u00f6r grubunun t\u00fcm \u00fcyelerini \u00f6l\u00fc ve yaral\u0131 d\u00fc\u015f\u00fcr\u00fcp tekfircilere ait bir cephane deposu ve a\u011f\u0131r makineli silahla donat\u0131lm\u0131\u015f bir arac\u0131 y\u00fck\u00fcyle birlikte tamamen imha ettiklerini kaydetti<\/p>\n","protected":false},"excerpt":{"rendered":"<p>Askeri kaynak kentin \u011eassan Abbud Bulvar\u0131 civar\u0131nda I\u015e\u0130D\u2019in toplanma yerleri ve hareketlenmelerini yo\u011fun ate\u015fe tutmalar\u0131yla I\u015e\u0130D\u2019li bir ter\u00f6r grubunun t\u00fcm \u00fcyelerini \u00f6l\u00fc ve yaral\u0131 d\u00fc\u015f\u00fcr\u00fcp tekfircilere ait bir cephane deposu ve a\u011f\u0131r makineli silahla donat\u0131lm\u0131\u015f bir arac\u0131 y\u00fck\u00fcyle birlikte tamamen imha ettiklerini kaydetti<\/p>\n","protected":false},"author":1,"featured_media":0,"comment_status":"closed","ping_status":"closed","sticky":false,"template":"","format":"standard","meta":{"footnotes":""},"categories":[17991],"tags":[],"class_list":["post-104698","post","type-post","status-publish","format-standard","","category-son-dakika"],"_links":{"self":[{"href":"https:\/\/archive.sana.sy\/tr\/index.php?rest_route=\/wp\/v2\/posts\/104698","targetHints":{"allow":["GET"]}}],"collection":[{"href":"https:\/\/archive.sana.sy\/tr\/index.php?rest_route=\/wp\/v2\/posts"}],"about":[{"href":"https:\/\/archive.sana.sy\/tr\/index.php?rest_route=\/wp\/v2\/types\/post"}],"author":[{"embeddable":true,"href":"https:\/\/archive.sana.sy\/tr\/index.php?rest_route=\/wp\/v2\/users\/1"}],"replies":[{"embeddable":true,"href":"https:\/\/archive.sana.sy\/tr\/index.php?rest_route=%2Fwp%2Fv2%2Fcomments&post=104698"}],"version-history":[{"count":0,"href":"https:\/\/archive.sana.sy\/tr\/index.php?rest_route=\/wp\/v2\/posts\/104698\/revisions"}],"wp:attachment":[{"href":"https:\/\/archive.sana.sy\/tr\/index.php?rest_route=%2Fwp%2Fv2%2Fmedia&parent=104698"}],"wp:term":[{"taxonomy":"category","embeddable":true,"href":"https:\/\/archive.sana.sy\/tr\/index.php?rest_route=%2Fwp%2Fv2%2Fcategories&post=104698"},{"taxonomy":"post_tag","embeddable":true,"href":"https:\/\/archive.sana.sy\/tr\/index.php?rest_route=%2Fwp%2Fv2%2Ftags&post=104698"}],"curies":[{"name":"wp","href":"https:\/\/api.w.org\/{rel}","templated":true}]}}