{"id":104699,"date":"2017-02-13T14:35:15","date_gmt":"2017-02-13T12:35:15","guid":{"rendered":"http:\/\/www.sana.sy\/tr\/?p=104699"},"modified":"2017-02-14T13:36:57","modified_gmt":"2017-02-14T11:36:57","slug":"bolgede-bir-ilk-sayiliyor","status":"publish","type":"post","link":"https:\/\/archive.sana.sy\/tr\/?p=104699","title":{"rendered":"B\u00f6lgede Bir \u0130lk Say\u0131l\u0131yor"},"content":{"rendered":"<p>\u015eAM \u2013 Uluslararas\u0131 Otomobil Federasyonu (FIA), uluslar aras\u0131 s\u0131n\u0131fland\u0131rmalarda verilen en \u00fcst mertebe olan alt\u0131n mertebesini Suriye Araba Sporlar\u0131 Kul\u00fcb\u00fcne verdi.<\/p>\n<p><a href=\"http:\/\/www.sana.sy\/tr\/wp-content\/uploads\/2017\/02\/\u0648\u0644\u064a\u062f-\u0634\u0639\u0628\u0627\u0646-\u0631\u0626\u064a\u0633-\u0646\u0627\u062f\u064a-\u0627\u0644\u0633\u064a\u0627\u0631\u0627\u062a3.jpg\"><img loading=\"lazy\" decoding=\"async\" class=\"alignright wp-image-104701 size-medium\" src=\"http:\/\/www.sana.sy\/tr\/wp-content\/uploads\/2017\/02\/\u0648\u0644\u064a\u062f-\u0634\u0639\u0628\u0627\u0646-\u0631\u0626\u064a\u0633-\u0646\u0627\u062f\u064a-\u0627\u0644\u0633\u064a\u0627\u0631\u0627\u062a3-300x200.jpg\" width=\"300\" height=\"200\" srcset=\"https:\/\/archive.sana.sy\/tr\/wp-content\/uploads\/2017\/02\/\u0648\u0644\u064a\u062f-\u0634\u0639\u0628\u0627\u0646-\u0631\u0626\u064a\u0633-\u0646\u0627\u062f\u064a-\u0627\u0644\u0633\u064a\u0627\u0631\u0627\u062a3-300x200.jpg 300w, https:\/\/archive.sana.sy\/tr\/wp-content\/uploads\/2017\/02\/\u0648\u0644\u064a\u062f-\u0634\u0639\u0628\u0627\u0646-\u0631\u0626\u064a\u0633-\u0646\u0627\u062f\u064a-\u0627\u0644\u0633\u064a\u0627\u0631\u0627\u062a3-150x100.jpg 150w, https:\/\/archive.sana.sy\/tr\/wp-content\/uploads\/2017\/02\/\u0648\u0644\u064a\u062f-\u0634\u0639\u0628\u0627\u0646-\u0631\u0626\u064a\u0633-\u0646\u0627\u062f\u064a-\u0627\u0644\u0633\u064a\u0627\u0631\u0627\u062a3-768x512.jpg 768w, https:\/\/archive.sana.sy\/tr\/wp-content\/uploads\/2017\/02\/\u0648\u0644\u064a\u062f-\u0634\u0639\u0628\u0627\u0646-\u0631\u0626\u064a\u0633-\u0646\u0627\u062f\u064a-\u0627\u0644\u0633\u064a\u0627\u0631\u0627\u062a3.jpg 960w\" sizes=\"auto, (max-width: 300px) 100vw, 300px\" \/><\/a>Kul\u00fcp Ba\u015fkan\u0131 Velid \u015eaban; Suriye i\u00e7inde veya d\u0131\u015f\u0131nda idari, program, e\u011fitim, organizasyon ve yar\u0131\u015flardaki profesyonellikten dolay\u0131 FIA\u2019n\u0131n kul\u00fcbe alt\u0131n mertebesi verdi\u011fini belirtti.<\/p>\n<p>Suriye Araba Sporlar\u0131 Kul\u00fcb\u00fcn\u00fcn FIA\u2019dan ald\u0131\u011f\u0131 bu mertebenin daha \u00f6nce Ortado\u011fu B\u00f6lgesinde g\u00f6r\u00fclmemi\u015f bir ba\u015far\u0131 say\u0131ld\u0131\u011f\u0131na dikkat \u00e7eken \u015eaban; bunun, kul\u00fcb\u00fcn b\u00f6lgede en iyi araba sporlar\u0131 kul\u00fcb\u00fc oldu\u011funu net bir \u015fekilde ortaya koydu\u011funa dikkat \u00e7ekti.<\/p>\n<p>\u015eaban kul\u00fcp \u00fcyelerinin \u00fcst\u00fcn bir ba\u015far\u0131 ve profesyonelli\u011fe sahip olduklar\u0131na dikkat \u00e7ekerken, genelinin uluslar aras\u0131 e\u011fitmenlik belgelerine sahip olduklar\u0131n\u0131 kaydetti.<\/p>\n","protected":false},"excerpt":{"rendered":"<p>\u015eAM \u2013 Uluslararas\u0131 Otomobil Federasyonu (FIA), uluslar aras\u0131 s\u0131n\u0131fland\u0131rmalarda verilen en \u00fcst mertebe olan alt\u0131n mertebesini Suriye Araba Sporlar\u0131 Kul\u00fcb\u00fcne verdi. Kul\u00fcp Ba\u015fkan\u0131 Velid \u015eaban; Suriye i\u00e7inde veya d\u0131\u015f\u0131nda idari, program, e\u011fitim, organizasyon ve yar\u0131\u015flardaki profesyonellikten dolay\u0131 FIA\u2019n\u0131n kul\u00fcbe alt\u0131n mertebesi verdi\u011fini belirtti. Suriye Araba Sporlar\u0131 Kul\u00fcb\u00fcn\u00fcn FIA\u2019dan ald\u0131\u011f\u0131 bu mertebenin daha \u00f6nce Ortado\u011fu B\u00f6lgesinde &hellip;<\/p>\n","protected":false},"author":1,"featured_media":104700,"comment_status":"closed","ping_status":"closed","sticky":false,"template":"","format":"standard","meta":{"footnotes":""},"categories":[498,17988,496,497],"tags":[22252,27561],"class_list":["post-104699","post","type-post","status-publish","format-standard","has-post-thumbnail","","category-dunya-turnuvalari","category-son-haberler","category-spor","category-yerel-turnuvalar","tag-kulup-baskani-velid-saban","tag-uluslararasi-otomobil-federasyonu"],"_links":{"self":[{"href":"https:\/\/archive.sana.sy\/tr\/index.php?rest_route=\/wp\/v2\/posts\/104699","targetHints":{"allow":["GET"]}}],"collection":[{"href":"https:\/\/archive.sana.sy\/tr\/index.php?rest_route=\/wp\/v2\/posts"}],"about":[{"href":"https:\/\/archive.sana.sy\/tr\/index.php?rest_route=\/wp\/v2\/types\/post"}],"author":[{"embeddable":true,"href":"https:\/\/archive.sana.sy\/tr\/index.php?rest_route=\/wp\/v2\/users\/1"}],"replies":[{"embeddable":true,"href":"https:\/\/archive.sana.sy\/tr\/index.php?rest_route=%2Fwp%2Fv2%2Fcomments&post=104699"}],"version-history":[{"count":0,"href":"https:\/\/archive.sana.sy\/tr\/index.php?rest_route=\/wp\/v2\/posts\/104699\/revisions"}],"wp:featuredmedia":[{"embeddable":true,"href":"https:\/\/archive.sana.sy\/tr\/index.php?rest_route=\/wp\/v2\/media\/104700"}],"wp:attachment":[{"href":"https:\/\/archive.sana.sy\/tr\/index.php?rest_route=%2Fwp%2Fv2%2Fmedia&parent=104699"}],"wp:term":[{"taxonomy":"category","embeddable":true,"href":"https:\/\/archive.sana.sy\/tr\/index.php?rest_route=%2Fwp%2Fv2%2Fcategories&post=104699"},{"taxonomy":"post_tag","embeddable":true,"href":"https:\/\/archive.sana.sy\/tr\/index.php?rest_route=%2Fwp%2Fv2%2Ftags&post=104699"}],"curies":[{"name":"wp","href":"https:\/\/api.w.org\/{rel}","templated":true}]}}