{"id":104766,"date":"2017-02-14T13:48:53","date_gmt":"2017-02-14T11:48:53","guid":{"rendered":"http:\/\/www.sana.sy\/tr\/?p=104766"},"modified":"2017-02-15T16:16:14","modified_gmt":"2017-02-15T14:16:14","slug":"kurucu-liderin-bustu-hama-kenti-girisinde-dikildi","status":"publish","type":"post","link":"https:\/\/archive.sana.sy\/tr\/?p=104766","title":{"rendered":"Kurucu Liderin B\u00fcst\u00fc Hama Kenti Giri\u015finde Dikildi"},"content":{"rendered":"<p>HAMA \u2013 Hama Kentinin giri\u015finde d\u00fcn Savunma Bakan\u0131 Fahd Casim el Freyc\u2019in yan\u0131 s\u0131ra siyasi ve sivil bariz \u015fahsiyetlerin kat\u0131l\u0131m\u0131yla kurucu \u00f6nder Haf\u0131z el Esad\u2019\u0131n b\u00fcst\u00fc dikildi.<\/p>\n<p>Halk kitlelerinin de kat\u0131ld\u0131\u011f\u0131 Etkinlikte Savunma Bakan\u0131 b\u00fcst\u00fcn a\u00e7\u0131l\u0131\u015f\u0131n\u0131 yapmas\u0131 ard\u0131ndan Kurucu Lider Meydan\u0131nda ulusal mar\u015f e\u015fli\u011finde Suriye&#8217;nin \u015fanl\u0131 bayra\u011f\u0131n\u0131 g\u00f6ndere \u00e7ekti.<\/p>\n<p>Hama Valisi; etkinli\u011fin Suriyelilerin, d\u0131\u015f g\u00fc\u00e7lerin destekledikleri ter\u00f6r eylemleri nedeniyle meydana gelen y\u0131k\u0131m\u0131 onarma ve \u00fclkelerini kendi elleriyle omuz omuza yeniden yap\u0131land\u0131rma g\u00fcc\u00fcne sahip olduklar\u0131n\u0131 ortaya koydu\u011funa dikkat \u00e7ekti.<\/p>\n<div id='gallery-1' class='gallery galleryid-104766 gallery-columns-3 gallery-size-thumbnail'><figure class='gallery-item'>\n\t\t\t<div class='gallery-icon landscape'>\n\t\t\t\t<a href='https:\/\/archive.sana.sy\/tr\/wp-content\/uploads\/2017\/02\/DSC_0694-1600x1200.jpg'><img loading=\"lazy\" decoding=\"async\" width=\"150\" height=\"100\" src=\"https:\/\/archive.sana.sy\/tr\/wp-content\/uploads\/2017\/02\/DSC_0694-1600x1200-150x100.jpg\" class=\"attachment-thumbnail size-thumbnail\" alt=\"\" srcset=\"https:\/\/archive.sana.sy\/tr\/wp-content\/uploads\/2017\/02\/DSC_0694-1600x1200-150x100.jpg 150w, https:\/\/archive.sana.sy\/tr\/wp-content\/uploads\/2017\/02\/DSC_0694-1600x1200-300x199.jpg 300w, https:\/\/archive.sana.sy\/tr\/wp-content\/uploads\/2017\/02\/DSC_0694-1600x1200-768x510.jpg 768w, https:\/\/archive.sana.sy\/tr\/wp-content\/uploads\/2017\/02\/DSC_0694-1600x1200-1024x680.jpg 1024w, https:\/\/archive.sana.sy\/tr\/wp-content\/uploads\/2017\/02\/DSC_0694-1600x1200-310x205.jpg 310w\" sizes=\"auto, (max-width: 150px) 100vw, 150px\" \/><\/a>\n\t\t\t<\/div><\/figure><figure class='gallery-item'>\n\t\t\t<div class='gallery-icon landscape'>\n\t\t\t\t<a href='https:\/\/archive.sana.sy\/tr\/wp-content\/uploads\/2017\/02\/DSC_0823-1600x1200.jpg'><img loading=\"lazy\" decoding=\"async\" width=\"150\" height=\"100\" src=\"https:\/\/archive.sana.sy\/tr\/wp-content\/uploads\/2017\/02\/DSC_0823-1600x1200-150x100.jpg\" class=\"attachment-thumbnail size-thumbnail\" alt=\"\" srcset=\"https:\/\/archive.sana.sy\/tr\/wp-content\/uploads\/2017\/02\/DSC_0823-1600x1200-150x100.jpg 150w, https:\/\/archive.sana.sy\/tr\/wp-content\/uploads\/2017\/02\/DSC_0823-1600x1200-300x199.jpg 300w, https:\/\/archive.sana.sy\/tr\/wp-content\/uploads\/2017\/02\/DSC_0823-1600x1200-768x510.jpg 768w, https:\/\/archive.sana.sy\/tr\/wp-content\/uploads\/2017\/02\/DSC_0823-1600x1200-1024x680.jpg 1024w, https:\/\/archive.sana.sy\/tr\/wp-content\/uploads\/2017\/02\/DSC_0823-1600x1200-310x205.jpg 310w\" sizes=\"auto, (max-width: 150px) 100vw, 150px\" \/><\/a>\n\t\t\t<\/div><\/figure><figure class='gallery-item'>\n\t\t\t<div class='gallery-icon landscape'>\n\t\t\t\t<a href='https:\/\/archive.sana.sy\/tr\/wp-content\/uploads\/2017\/02\/DSC_0907-1600x1200.jpg'><img loading=\"lazy\" decoding=\"async\" width=\"150\" height=\"100\" src=\"https:\/\/archive.sana.sy\/tr\/wp-content\/uploads\/2017\/02\/DSC_0907-1600x1200-150x100.jpg\" class=\"attachment-thumbnail size-thumbnail\" alt=\"\" srcset=\"https:\/\/archive.sana.sy\/tr\/wp-content\/uploads\/2017\/02\/DSC_0907-1600x1200-150x100.jpg 150w, https:\/\/archive.sana.sy\/tr\/wp-content\/uploads\/2017\/02\/DSC_0907-1600x1200-300x199.jpg 300w, https:\/\/archive.sana.sy\/tr\/wp-content\/uploads\/2017\/02\/DSC_0907-1600x1200-768x510.jpg 768w, https:\/\/archive.sana.sy\/tr\/wp-content\/uploads\/2017\/02\/DSC_0907-1600x1200-1024x680.jpg 1024w, https:\/\/archive.sana.sy\/tr\/wp-content\/uploads\/2017\/02\/DSC_0907-1600x1200-310x205.jpg 310w\" sizes=\"auto, (max-width: 150px) 100vw, 150px\" \/><\/a>\n\t\t\t<\/div><\/figure><figure class='gallery-item'>\n\t\t\t<div class='gallery-icon portrait'>\n\t\t\t\t<a href='https:\/\/archive.sana.sy\/tr\/wp-content\/uploads\/2017\/02\/DSC_0914-1600x1200.jpg'><img loading=\"lazy\" decoding=\"async\" width=\"100\" height=\"150\" src=\"https:\/\/archive.sana.sy\/tr\/wp-content\/uploads\/2017\/02\/DSC_0914-1600x1200-100x150.jpg\" class=\"attachment-thumbnail size-thumbnail\" alt=\"\" srcset=\"https:\/\/archive.sana.sy\/tr\/wp-content\/uploads\/2017\/02\/DSC_0914-1600x1200-100x150.jpg 100w, https:\/\/archive.sana.sy\/tr\/wp-content\/uploads\/2017\/02\/DSC_0914-1600x1200-199x300.jpg 199w, https:\/\/archive.sana.sy\/tr\/wp-content\/uploads\/2017\/02\/DSC_0914-1600x1200-768x1156.jpg 768w, https:\/\/archive.sana.sy\/tr\/wp-content\/uploads\/2017\/02\/DSC_0914-1600x1200-680x1024.jpg 680w, https:\/\/archive.sana.sy\/tr\/wp-content\/uploads\/2017\/02\/DSC_0914-1600x1200.jpg 1993w\" sizes=\"auto, (max-width: 100px) 100vw, 100px\" \/><\/a>\n\t\t\t<\/div><\/figure><figure class='gallery-item'>\n\t\t\t<div class='gallery-icon landscape'>\n\t\t\t\t<a href='https:\/\/archive.sana.sy\/tr\/wp-content\/uploads\/2017\/02\/DSC_0925-1600x1200.jpg'><img loading=\"lazy\" decoding=\"async\" width=\"150\" height=\"100\" src=\"https:\/\/archive.sana.sy\/tr\/wp-content\/uploads\/2017\/02\/DSC_0925-1600x1200-150x100.jpg\" class=\"attachment-thumbnail size-thumbnail\" alt=\"\" srcset=\"https:\/\/archive.sana.sy\/tr\/wp-content\/uploads\/2017\/02\/DSC_0925-1600x1200-150x100.jpg 150w, https:\/\/archive.sana.sy\/tr\/wp-content\/uploads\/2017\/02\/DSC_0925-1600x1200-300x199.jpg 300w, https:\/\/archive.sana.sy\/tr\/wp-content\/uploads\/2017\/02\/DSC_0925-1600x1200-768x510.jpg 768w, https:\/\/archive.sana.sy\/tr\/wp-content\/uploads\/2017\/02\/DSC_0925-1600x1200-1024x680.jpg 1024w, https:\/\/archive.sana.sy\/tr\/wp-content\/uploads\/2017\/02\/DSC_0925-1600x1200-310x205.jpg 310w\" sizes=\"auto, (max-width: 150px) 100vw, 150px\" \/><\/a>\n\t\t\t<\/div><\/figure><figure class='gallery-item'>\n\t\t\t<div class='gallery-icon landscape'>\n\t\t\t\t<a href='https:\/\/archive.sana.sy\/tr\/wp-content\/uploads\/2017\/02\/DSC_0931-1600x1200.jpg'><img loading=\"lazy\" decoding=\"async\" width=\"150\" height=\"100\" src=\"https:\/\/archive.sana.sy\/tr\/wp-content\/uploads\/2017\/02\/DSC_0931-1600x1200-150x100.jpg\" class=\"attachment-thumbnail size-thumbnail\" alt=\"\" srcset=\"https:\/\/archive.sana.sy\/tr\/wp-content\/uploads\/2017\/02\/DSC_0931-1600x1200-150x100.jpg 150w, https:\/\/archive.sana.sy\/tr\/wp-content\/uploads\/2017\/02\/DSC_0931-1600x1200-300x199.jpg 300w, https:\/\/archive.sana.sy\/tr\/wp-content\/uploads\/2017\/02\/DSC_0931-1600x1200-768x510.jpg 768w, https:\/\/archive.sana.sy\/tr\/wp-content\/uploads\/2017\/02\/DSC_0931-1600x1200-1024x680.jpg 1024w, https:\/\/archive.sana.sy\/tr\/wp-content\/uploads\/2017\/02\/DSC_0931-1600x1200-310x205.jpg 310w\" sizes=\"auto, (max-width: 150px) 100vw, 150px\" \/><\/a>\n\t\t\t<\/div><\/figure><figure class='gallery-item'>\n\t\t\t<div class='gallery-icon landscape'>\n\t\t\t\t<a href='https:\/\/archive.sana.sy\/tr\/wp-content\/uploads\/2017\/02\/DSC_0940-1600x1200.jpg'><img loading=\"lazy\" decoding=\"async\" width=\"150\" height=\"100\" src=\"https:\/\/archive.sana.sy\/tr\/wp-content\/uploads\/2017\/02\/DSC_0940-1600x1200-150x100.jpg\" class=\"attachment-thumbnail size-thumbnail\" alt=\"\" srcset=\"https:\/\/archive.sana.sy\/tr\/wp-content\/uploads\/2017\/02\/DSC_0940-1600x1200-150x100.jpg 150w, https:\/\/archive.sana.sy\/tr\/wp-content\/uploads\/2017\/02\/DSC_0940-1600x1200-300x199.jpg 300w, https:\/\/archive.sana.sy\/tr\/wp-content\/uploads\/2017\/02\/DSC_0940-1600x1200-768x510.jpg 768w, https:\/\/archive.sana.sy\/tr\/wp-content\/uploads\/2017\/02\/DSC_0940-1600x1200-1024x680.jpg 1024w, https:\/\/archive.sana.sy\/tr\/wp-content\/uploads\/2017\/02\/DSC_0940-1600x1200-310x205.jpg 310w\" sizes=\"auto, (max-width: 150px) 100vw, 150px\" \/><\/a>\n\t\t\t<\/div><\/figure>\n\t\t<\/div>\n\n","protected":false},"excerpt":{"rendered":"<p>HAMA \u2013 Hama Kentinin giri\u015finde d\u00fcn Savunma Bakan\u0131 Fahd Casim el Freyc\u2019in yan\u0131 s\u0131ra siyasi ve sivil bariz \u015fahsiyetlerin kat\u0131l\u0131m\u0131yla kurucu \u00f6nder Haf\u0131z el Esad\u2019\u0131n b\u00fcst\u00fc dikildi. Halk kitlelerinin de kat\u0131ld\u0131\u011f\u0131 Etkinlikte Savunma Bakan\u0131 b\u00fcst\u00fcn a\u00e7\u0131l\u0131\u015f\u0131n\u0131 yapmas\u0131 ard\u0131ndan Kurucu Lider Meydan\u0131nda ulusal mar\u015f e\u015fli\u011finde Suriye&#8217;nin \u015fanl\u0131 bayra\u011f\u0131n\u0131 g\u00f6ndere \u00e7ekti. Hama Valisi; etkinli\u011fin Suriyelilerin, d\u0131\u015f g\u00fc\u00e7lerin &hellip;<\/p>\n","protected":false},"author":1,"featured_media":104793,"comment_status":"closed","ping_status":"closed","sticky":false,"template":"","format":"standard","meta":{"footnotes":""},"categories":[596,479,17988,478],"tags":[27579],"class_list":["post-104766","post","type-post","status-publish","format-standard","has-post-thumbnail","","category-fotografli-raporlar","category-haberler-yerel","category-son-haberler","category-yerel","tag-kurucu-liderin-bustu-hama-kenti-girisinde-dikildi"],"_links":{"self":[{"href":"https:\/\/archive.sana.sy\/tr\/index.php?rest_route=\/wp\/v2\/posts\/104766","targetHints":{"allow":["GET"]}}],"collection":[{"href":"https:\/\/archive.sana.sy\/tr\/index.php?rest_route=\/wp\/v2\/posts"}],"about":[{"href":"https:\/\/archive.sana.sy\/tr\/index.php?rest_route=\/wp\/v2\/types\/post"}],"author":[{"embeddable":true,"href":"https:\/\/archive.sana.sy\/tr\/index.php?rest_route=\/wp\/v2\/users\/1"}],"replies":[{"embeddable":true,"href":"https:\/\/archive.sana.sy\/tr\/index.php?rest_route=%2Fwp%2Fv2%2Fcomments&post=104766"}],"version-history":[{"count":0,"href":"https:\/\/archive.sana.sy\/tr\/index.php?rest_route=\/wp\/v2\/posts\/104766\/revisions"}],"wp:featuredmedia":[{"embeddable":true,"href":"https:\/\/archive.sana.sy\/tr\/index.php?rest_route=\/wp\/v2\/media\/104793"}],"wp:attachment":[{"href":"https:\/\/archive.sana.sy\/tr\/index.php?rest_route=%2Fwp%2Fv2%2Fmedia&parent=104766"}],"wp:term":[{"taxonomy":"category","embeddable":true,"href":"https:\/\/archive.sana.sy\/tr\/index.php?rest_route=%2Fwp%2Fv2%2Fcategories&post=104766"},{"taxonomy":"post_tag","embeddable":true,"href":"https:\/\/archive.sana.sy\/tr\/index.php?rest_route=%2Fwp%2Fv2%2Ftags&post=104766"}],"curies":[{"name":"wp","href":"https:\/\/api.w.org\/{rel}","templated":true}]}}