{"id":104779,"date":"2017-02-14T13:55:47","date_gmt":"2017-02-14T11:55:47","guid":{"rendered":"http:\/\/www.sana.sy\/tr\/?p=104779"},"modified":"2017-02-15T15:04:26","modified_gmt":"2017-02-15T13:04:26","slug":"kahramanlarimiz-buyuk-zafere-kararli-ilerleyislerini-surduruyorlar-7","status":"publish","type":"post","link":"https:\/\/archive.sana.sy\/tr\/?p=104779","title":{"rendered":"Kahramanlar\u0131m\u0131z B\u00fcy\u00fck Zafere Kararl\u0131 \u0130lerleyi\u015flerini S\u00fcrd\u00fcr\u00fcyorlar (video)"},"content":{"rendered":"<p>\u0130LLER \u2013 Kahraman ordu birliklerimiz halk\u0131m\u0131zdan ve vatana duyduklar\u0131 b\u00fcy\u00fck ba\u011fl\u0131l\u0131ktan ald\u0131klar\u0131 azim ve g\u00fc\u00e7le silahl\u0131 ter\u00f6r gruplar\u0131n\u0131 \u00fclke topraklar\u0131ndan tamamen yok edecekleri b\u00fcy\u00fck zafere do\u011fru kararl\u0131 ilerleyi\u015flerini s\u00fcrd\u00fcr\u00fcyorlar.<\/p>\n<p><span style=\"color: #0000ff\">HOMS:<\/span><\/p>\n<p>SANA\u2019ya a\u00e7\u0131klama yapan askeri kaynak; ordu birliklerimizin destek\u00e7i g\u00fc\u00e7lerle i\u015fbirli\u011fi i\u00e7inde Homs k\u0131rsal\u0131n\u0131n do\u011fusunda s\u00fcrd\u00fcrd\u00fckleri operasyonlar\u0131nda Hayyan Do\u011falgaz Sahas\u0131n\u0131 I\u015e\u0130D\u2019ten tamamene temizleyerek saha ve istasyonu kontrollerine ge\u00e7irdiklerini ifade etti.<\/p>\n<p>Kaynak; ordu birliklerimize tabi bomba imha ekiplerinin arama tarama operasyonlar\u0131nda Hayyan Do\u011falgaz \u0130stasyonu i\u00e7ine yerle\u015ftirilen may\u0131n ve bubi tuzaklar\u0131n\u0131 etkisiz hale getirdiklerini s\u00f6zlerine ekledi.<\/p>\n<p>Bu arada SANA\u2019n\u0131n Homs muhabiri; ordu birliklerimizin Hayyan Fabrikas\u0131n\u0131n bat\u0131s\u0131na d\u00fc\u015fen Cahhar Do\u011falgaz \u0130stasyonunu kurtarmalar\u0131 ard\u0131ndan Tedmur k\u0131rsal\u0131n\u0131n bat\u0131s\u0131nda kontrol\u00fc alt\u0131ndaki b\u00f6lgeleri geni\u015flettiklerini aktard\u0131. Muhabir; operasyonlarda \u00e7ok say\u0131da ter\u00f6ristin \u00f6l\u00fc ve yaral\u0131 d\u00fc\u015f\u00fcr\u00fcl\u00fcp havzalar\u0131nda bulunan silah ve m\u00fchimmatlar\u0131n\u0131n imha edildi\u011fine dikkat \u00e7ekti.<\/p>\n<p>Ordu birliklerimizin Hayyan \u0130stasyonunun do\u011fusunda I\u015e\u0130D\u2019e kar\u015f\u0131 askeri operasyonlar\u0131n\u0131 ba\u015far\u0131yla s\u00fcrd\u00fcrd\u00fcklerini s\u00f6yleyen muhabir; \u0130stasyon civarlar\u0131na d\u00fc\u015fen t\u00fcm tepeleri tam kontrollerine ge\u00e7irdiklerini kaydetti.<\/p>\n<p>Muhabir; Homs k\u0131rsal\u0131n\u0131n kuzeyinde de ordu birliklerimizin Halk Savunma G\u00fc\u00e7leriyle i\u015fbirli\u011fi i\u00e7inde Cabborin K\u00f6y\u00fcn\u00fcn g\u00fcneydo\u011fusundaki \u011eanto \u2013 Halmoz ekseninde Kaide \u00d6rg\u00fct\u00fcn\u00fcn Suriye kolu Nusra Cephesine tabi bir tank\u0131 ta\u015f\u0131d\u0131\u011f\u0131 cephane ve ter\u00f6ristlerle birlikte tamamen imha ettiklerini s\u00f6yledi.<\/p>\n<p>\u00d6\u011fleden sonra ise askeri kaynak ordu birliklerimizin destek\u00e7i ve m\u00fcttefik g\u00fc\u00e7lerle i\u015fbirli\u011fi i\u00e7inde Homs \u0130linin do\u011fusu T-4 B\u00f6lgesi ekseninde I\u015e\u0130D\u2019i a\u011f\u0131r kay\u0131plara u\u011fratma ve kontrolleri alt\u0131ndaki b\u00f6lgeleri geni\u015fletmeye devam ettiklerini aktard\u0131.<\/p>\n<p>Kaynak ba\u015far\u0131l\u0131 operasyonlarda Bayyarat Beldesinde okul ve sa\u011fl\u0131k oca\u011f\u0131 b\u00f6lgelerinin radikal ter\u00f6ristlerden temizlenmesi ard\u0131ndan kontrole al\u0131n\u0131p ahalinin g\u00fcvenli\u011finin sa\u011fland\u0131\u011f\u0131n\u0131 kaydetti.<\/p>\n<p><span style=\"color: #0000ff\">HAMA:<\/span><\/p>\n<p>Bu arada SANA\u2019ya a\u00e7\u0131klama yapan askeri bir kaynak; ordu birliklerimizin Hama k\u0131rsal\u0131n\u0131n kuzeyi Hammamiyat Beldesinin de g\u00fcneydo\u011fusunda Erdo\u011fan rejiminden destek ve komuta alan &#8216;Cey\u015ful Fetih&#8217; (Fetih Ordusu) adl\u0131 ter\u00f6r \u00f6rg\u00fct\u00fcne tabi bir arac\u0131 hedef ald\u0131klar\u0131n\u0131 belirtti.<\/p>\n<p>Kaynak b\u00f6lgede askeri bir noktaya sald\u0131r\u0131 giri\u015fiminde bulunan ara\u00e7ta bulunan 3 ter\u00f6ristin \u00f6ld\u00fcr\u00fcld\u00fc\u011f\u00fcn\u00fc, havzalar\u0131nda bulunan silah ve m\u00fchimmatlar\u0131n yan\u0131 s\u0131ra kulland\u0131klar\u0131 telsiz cihaza el konuldu\u011funu aktar\u0131rken, \u00f6ld\u00fcr\u00fclen ter\u00f6ristlerin havzalar\u0131nda T\u00fcrk bir subay\u0131n kimli\u011finin bulundu\u011funa dikkat \u00e7ekti.<\/p>\n<p>Askeri kaynak ordu birliklerimizin ayr\u0131ca Hama \u0130linin do\u011fusu Selemiye k\u0131rsal\u0131nda yer alan Ebu Cbeylat Beldesinde siper ve barikat kurmada kullan\u0131lan bir dozeri i\u00e7inde bulunan I\u015e\u0130D\u2019li ter\u00f6ristle birlikte imha ettiklerini s\u00f6yledi.<\/p>\n<p><span style=\"color: #0000ff\">DERA:<\/span><\/p>\n<p>Ordu birliklerimizin Dera Beled\u2019te \u0130srail\u2019in deste\u011fi ve komutas\u0131 ile Men\u015fiye Semtinde askeri noktalara ve sivillerle sald\u0131ran Nusra Cephesi \u00e7etelerine kar\u015f\u0131 koyduklar\u0131n\u0131 aktaran askeri kaynak; bu \u00e7etelerin sald\u0131r\u0131 eksenlerine ek olarak karargahlar\u0131n\u0131n yo\u011fun ate\u015fe tutuldu\u011funu s\u00f6yledi.<\/p>\n<p>Kaynak ya\u015fanan \u015fiddetli sald\u0131r\u0131larda y\u00fczlerce ter\u00f6ristin \u00f6l\u00fc yaral\u0131 d\u00fc\u015f\u00fcr\u00fcld\u00fc\u011f\u00fcn\u00fc, cephanelikleri, karargahlar\u0131 ve siperlerinin de ba\u015far\u0131yla imha edildi\u011fini belirtti.<\/p>\n<p>Ordu birliklerimizin \u00e7at\u0131\u015fma alan\u0131n\u0131n tamam\u0131n\u0131 ate\u015f kontrol\u00fcnde tuttu\u011funu ifade eden kaynak; radikal ter\u00f6ristlere kar\u015f\u0131 uygun silahlarla kar\u015f\u0131l\u0131k koydu\u011funu kaydetti.<\/p>\n<p>Ter\u00f6ristlerin sald\u0131r\u0131da Men\u015fiye Semtinde ilerledikleri y\u00f6n\u00fcndeki haberlerin asl\u0131 ger\u00e7e\u011fi olmad\u0131\u011f\u0131na dikkat \u00e7eken askeri kaynak, ter\u00f6ristlerin sald\u0131r\u0131da b\u00fcy\u00fck miktarda patlay\u0131c\u0131 ile haz\u0131rlanm\u0131\u015f bir\u00e7ok arac\u0131 havaya u\u00e7urmalar\u0131na ra\u011fmen hi\u00e7bir ilerleme sa\u011flamad\u0131klar\u0131n\u0131n alt\u0131n\u0131 \u00e7izdi.<\/p>\n<p>Yerel kaynaklar \u00e7at\u0131\u015fmalarda yaralanan y\u00fcksek say\u0131da ter\u00f6ristin, \u0130srail i\u015fgali alt\u0131ndaki topraklara aktar\u0131ld\u0131\u011f\u0131n\u0131 ve orada \u0130srail hastanelerinde tedavi edildiklerine dikkat \u00e7ekti.<\/p>\n<p>Ter\u00f6r \u00f6rg\u00fctleri ise sosyal payla\u015f\u0131m ara\u00e7lar\u0131nda sald\u0131r\u0131da olduk\u00e7a b\u00fcy\u00fck kay\u0131plar verdiklerini itiraf etti.<\/p>\n<p>https:\/\/www.youtube.com\/watch?v=lDPhLUVMGPc<\/p>\n","protected":false},"excerpt":{"rendered":"<p>\u0130LLER \u2013 Kahraman ordu birliklerimiz halk\u0131m\u0131zdan ve vatana duyduklar\u0131 b\u00fcy\u00fck ba\u011fl\u0131l\u0131ktan ald\u0131klar\u0131 azim ve g\u00fc\u00e7le silahl\u0131 ter\u00f6r gruplar\u0131n\u0131 \u00fclke topraklar\u0131ndan tamamen yok edecekleri b\u00fcy\u00fck zafere do\u011fru kararl\u0131 ilerleyi\u015flerini s\u00fcrd\u00fcr\u00fcyorlar. HOMS: SANA\u2019ya a\u00e7\u0131klama yapan askeri kaynak; ordu birliklerimizin destek\u00e7i g\u00fc\u00e7lerle i\u015fbirli\u011fi i\u00e7inde Homs k\u0131rsal\u0131n\u0131n do\u011fusunda s\u00fcrd\u00fcrd\u00fckleri operasyonlar\u0131nda Hayyan Do\u011falgaz Sahas\u0131n\u0131 I\u015e\u0130D\u2019ten tamamene temizleyerek saha ve istasyonu &hellip;<\/p>\n","protected":false},"author":1,"featured_media":104809,"comment_status":"closed","ping_status":"closed","sticky":false,"template":"","format":"standard","meta":{"footnotes":""},"categories":[479,575,17988,478],"tags":[18237,18576,18577,2318,752,11549,19043,22182,19034],"class_list":["post-104779","post","type-post","status-publish","format-standard","has-post-thumbnail","","category-haberler-yerel","category-olaylar-ve-gercekler","category-son-haberler","category-yerel","tag-cihatcilar","tag-daes","tag-deas","tag-isid","tag-kahramanlarimiz-buyuk-zafere-kararli-ilerleyislerini-surduruyorlar","tag-suriye-ordusu","tag-suriyede-son-durum","tag-suriyede-savas","tag-suriyeli-muhalifler"],"_links":{"self":[{"href":"https:\/\/archive.sana.sy\/tr\/index.php?rest_route=\/wp\/v2\/posts\/104779","targetHints":{"allow":["GET"]}}],"collection":[{"href":"https:\/\/archive.sana.sy\/tr\/index.php?rest_route=\/wp\/v2\/posts"}],"about":[{"href":"https:\/\/archive.sana.sy\/tr\/index.php?rest_route=\/wp\/v2\/types\/post"}],"author":[{"embeddable":true,"href":"https:\/\/archive.sana.sy\/tr\/index.php?rest_route=\/wp\/v2\/users\/1"}],"replies":[{"embeddable":true,"href":"https:\/\/archive.sana.sy\/tr\/index.php?rest_route=%2Fwp%2Fv2%2Fcomments&post=104779"}],"version-history":[{"count":0,"href":"https:\/\/archive.sana.sy\/tr\/index.php?rest_route=\/wp\/v2\/posts\/104779\/revisions"}],"wp:featuredmedia":[{"embeddable":true,"href":"https:\/\/archive.sana.sy\/tr\/index.php?rest_route=\/wp\/v2\/media\/104809"}],"wp:attachment":[{"href":"https:\/\/archive.sana.sy\/tr\/index.php?rest_route=%2Fwp%2Fv2%2Fmedia&parent=104779"}],"wp:term":[{"taxonomy":"category","embeddable":true,"href":"https:\/\/archive.sana.sy\/tr\/index.php?rest_route=%2Fwp%2Fv2%2Fcategories&post=104779"},{"taxonomy":"post_tag","embeddable":true,"href":"https:\/\/archive.sana.sy\/tr\/index.php?rest_route=%2Fwp%2Fv2%2Ftags&post=104779"}],"curies":[{"name":"wp","href":"https:\/\/api.w.org\/{rel}","templated":true}]}}