{"id":104796,"date":"2017-02-14T14:43:55","date_gmt":"2017-02-14T12:43:55","guid":{"rendered":"http:\/\/www.sana.sy\/tr\/?p=104796"},"modified":"2017-02-15T16:12:53","modified_gmt":"2017-02-15T14:12:53","slug":"ucretsiz-saglik-hizmetleri-merkezi-acildi","status":"publish","type":"post","link":"https:\/\/archive.sana.sy\/tr\/?p=104796","title":{"rendered":"\u00dccretsiz Sa\u011fl\u0131k Hizmetleri Merkezi A\u00e7\u0131ld\u0131"},"content":{"rendered":"<p>DEYREZZOR \u2013 Deyrezzor kentinde bug\u00fcn t\u00fcm vatanda\u015flara \u00fccretsiz sa\u011fl\u0131k hizmetleri temin edecek bir sa\u011fl\u0131k merkezi a\u00e7\u0131ld\u0131.<\/p>\n<p>Aile Planlama Cemiyeti binas\u0131nda a\u00e7\u0131l\u0131\u015fa kat\u0131lan Deyrezzor Valisi Muhammed \u0130brahim Semra; I\u015e\u0130D2in ku\u015fatmas\u0131 alt\u0131nda ya\u015fanan ko\u015fullar\u0131n \u00fcstesinden gelmek i\u00e7in sivil toplum ve yerel faaliyetlerin bulunduklar\u0131 \u00e7aba ve katk\u0131lar\u0131 \u00f6vd\u00fc.<\/p>\n<p>Vali Semra sa\u011fl\u0131k merkezinin t\u00fcm kad\u0131n ve \u00e7ocuklara tamamen \u00fccretsiz muayene ve tedavi hizmetleri sa\u011flayaca\u011f\u0131n\u0131 belirtti.<\/p>\n<p>Cemiyet y\u00f6netim kurulu ba\u015fkan\u0131 Gade Bakcac\u0131 merkezde bir \u00e7ocuk hastal\u0131klar\u0131 ve bir kad\u0131n hastal\u0131klar\u0131 kliniklerinin yan\u0131 s\u0131ra eczanenin bulundu\u011funu s\u00f6yledi. Bak\u00e7ac\u0131 merkezin ayn\u0131 zamanda ter\u00f6r sald\u0131r\u0131lar\u0131nda isabet alan vatanda\u015flara da yine tedavi hizmeti verece\u011fini kaydetti.<\/p>\n","protected":false},"excerpt":{"rendered":"<p>DEYREZZOR \u2013 Deyrezzor kentinde bug\u00fcn t\u00fcm vatanda\u015flara \u00fccretsiz sa\u011fl\u0131k hizmetleri temin edecek bir sa\u011fl\u0131k merkezi a\u00e7\u0131ld\u0131. Aile Planlama Cemiyeti binas\u0131nda a\u00e7\u0131l\u0131\u015fa kat\u0131lan Deyrezzor Valisi Muhammed \u0130brahim Semra; I\u015e\u0130D2in ku\u015fatmas\u0131 alt\u0131nda ya\u015fanan ko\u015fullar\u0131n \u00fcstesinden gelmek i\u00e7in sivil toplum ve yerel faaliyetlerin bulunduklar\u0131 \u00e7aba ve katk\u0131lar\u0131 \u00f6vd\u00fc. Vali Semra sa\u011fl\u0131k merkezinin t\u00fcm kad\u0131n ve \u00e7ocuklara tamamen \u00fccretsiz &hellip;<\/p>\n","protected":false},"author":1,"featured_media":104797,"comment_status":"closed","ping_status":"closed","sticky":false,"template":"","format":"standard","meta":{"footnotes":""},"categories":[479,17988,478],"tags":[21130,2318,22182,27585],"class_list":["post-104796","post","type-post","status-publish","format-standard","has-post-thumbnail","","category-haberler-yerel","category-son-haberler","category-yerel","tag-deyrezzor-kenti","tag-isid","tag-suriyede-savas","tag-ucretsiz-saglik-hizmetleri-merkezi-acildi"],"_links":{"self":[{"href":"https:\/\/archive.sana.sy\/tr\/index.php?rest_route=\/wp\/v2\/posts\/104796","targetHints":{"allow":["GET"]}}],"collection":[{"href":"https:\/\/archive.sana.sy\/tr\/index.php?rest_route=\/wp\/v2\/posts"}],"about":[{"href":"https:\/\/archive.sana.sy\/tr\/index.php?rest_route=\/wp\/v2\/types\/post"}],"author":[{"embeddable":true,"href":"https:\/\/archive.sana.sy\/tr\/index.php?rest_route=\/wp\/v2\/users\/1"}],"replies":[{"embeddable":true,"href":"https:\/\/archive.sana.sy\/tr\/index.php?rest_route=%2Fwp%2Fv2%2Fcomments&post=104796"}],"version-history":[{"count":0,"href":"https:\/\/archive.sana.sy\/tr\/index.php?rest_route=\/wp\/v2\/posts\/104796\/revisions"}],"wp:featuredmedia":[{"embeddable":true,"href":"https:\/\/archive.sana.sy\/tr\/index.php?rest_route=\/wp\/v2\/media\/104797"}],"wp:attachment":[{"href":"https:\/\/archive.sana.sy\/tr\/index.php?rest_route=%2Fwp%2Fv2%2Fmedia&parent=104796"}],"wp:term":[{"taxonomy":"category","embeddable":true,"href":"https:\/\/archive.sana.sy\/tr\/index.php?rest_route=%2Fwp%2Fv2%2Fcategories&post=104796"},{"taxonomy":"post_tag","embeddable":true,"href":"https:\/\/archive.sana.sy\/tr\/index.php?rest_route=%2Fwp%2Fv2%2Ftags&post=104796"}],"curies":[{"name":"wp","href":"https:\/\/api.w.org\/{rel}","templated":true}]}}