{"id":104799,"date":"2017-02-14T14:49:00","date_gmt":"2017-02-14T12:49:00","guid":{"rendered":"http:\/\/www.sana.sy\/tr\/?p=104799"},"modified":"2017-02-15T16:12:46","modified_gmt":"2017-02-15T14:12:46","slug":"israilden-destek-alan-teroristler-yine-sivil-yerlesim-alanlarina-saldirdi","status":"publish","type":"post","link":"https:\/\/archive.sana.sy\/tr\/?p=104799","title":{"rendered":"\u0130srail\u2019den Destek Alan Ter\u00f6ristler Yine Sivil Yerle\u015fim Alanlar\u0131na Sald\u0131rd\u0131"},"content":{"rendered":"<p>\u0130LLER \u2013 \u0130srail\u2019in destekledi\u011fi ter\u00f6r \u00f6rg\u00fctleri sivil yerle\u015fim alanlar\u0131na sald\u0131r\u0131lar\u0131n\u0131 s\u00fcrd\u00fcrmeleriyle bir\u00e7ok vatanda\u015f yaraland\u0131.<\/p>\n<p><span style=\"color: #0000ff\">DERA<\/span>:<\/p>\n<p>Dera Valili\u011finde bir kaynak SANA\u2019ya a\u00e7\u0131klamas\u0131nda \u0130srail destekli ter\u00f6ristlerin bug\u00fcn Dera Kentinin Sahhari Semtini yine f\u00fczelerle hedef ald\u0131klar\u0131n\u0131 belirtti. Kaynak sald\u0131r\u0131larda 3 vatanda\u015f\u0131n yaraland\u0131\u011f\u0131n\u0131 aktard\u0131.<\/p>\n<p><span style=\"color: #0000ff\">KUNAYTRA<\/span>:<\/p>\n<p>Di\u011fer yandan Kunaytra Emniyet M\u00fcd\u00fcrl\u00fc\u011f\u00fcnde bir kaynak SANA\u2019ya a\u00e7\u0131klamas\u0131nda; Kunaytra \u0130linde \u0130srail\u2019e ba\u011fl\u0131 olarak faaliyet g\u00f6steren Nusra Cephesinin il k\u0131rsal\u0131n\u0131n Han Arneba, Cebba ve Ayyobe beldelerine f\u00fczelerle sald\u0131rd\u0131\u011f\u0131n\u0131 ifade etti. Kaynak ter\u00f6r sald\u0131r\u0131lar\u0131nda \u015fans eseri be\u015feri isabetlerin olmad\u0131\u011f\u0131n\u0131, fakat \u00e7ok say\u0131da evin maddi hasar g\u00f6rd\u00fc\u011f\u00fcn\u00fc aktard\u0131.<\/p>\n","protected":false},"excerpt":{"rendered":"<p>\u0130LLER \u2013 \u0130srail\u2019in destekledi\u011fi ter\u00f6r \u00f6rg\u00fctleri sivil yerle\u015fim alanlar\u0131na sald\u0131r\u0131lar\u0131n\u0131 s\u00fcrd\u00fcrmeleriyle bir\u00e7ok vatanda\u015f yaraland\u0131. DERA: Dera Valili\u011finde bir kaynak SANA\u2019ya a\u00e7\u0131klamas\u0131nda \u0130srail destekli ter\u00f6ristlerin bug\u00fcn Dera Kentinin Sahhari Semtini yine f\u00fczelerle hedef ald\u0131klar\u0131n\u0131 belirtti. Kaynak sald\u0131r\u0131larda 3 vatanda\u015f\u0131n yaraland\u0131\u011f\u0131n\u0131 aktard\u0131. KUNAYTRA: Di\u011fer yandan Kunaytra Emniyet M\u00fcd\u00fcrl\u00fc\u011f\u00fcnde bir kaynak SANA\u2019ya a\u00e7\u0131klamas\u0131nda; Kunaytra \u0130linde \u0130srail\u2019e ba\u011fl\u0131 olarak &hellip;<\/p>\n","protected":false},"author":1,"featured_media":104800,"comment_status":"closed","ping_status":"closed","sticky":false,"template":"","format":"standard","meta":{"footnotes":""},"categories":[479,575,17988,478],"tags":[27586,27587,22182],"class_list":["post-104799","post","type-post","status-publish","format-standard","has-post-thumbnail","","category-haberler-yerel","category-olaylar-ve-gercekler","category-son-haberler","category-yerel","tag-israilden-destek-alan-teroristler-yine-sivil-yerlesim-alanlarina-saldirdi","tag-israilin-destekledigi-teror-orgutler","tag-suriyede-savas"],"_links":{"self":[{"href":"https:\/\/archive.sana.sy\/tr\/index.php?rest_route=\/wp\/v2\/posts\/104799","targetHints":{"allow":["GET"]}}],"collection":[{"href":"https:\/\/archive.sana.sy\/tr\/index.php?rest_route=\/wp\/v2\/posts"}],"about":[{"href":"https:\/\/archive.sana.sy\/tr\/index.php?rest_route=\/wp\/v2\/types\/post"}],"author":[{"embeddable":true,"href":"https:\/\/archive.sana.sy\/tr\/index.php?rest_route=\/wp\/v2\/users\/1"}],"replies":[{"embeddable":true,"href":"https:\/\/archive.sana.sy\/tr\/index.php?rest_route=%2Fwp%2Fv2%2Fcomments&post=104799"}],"version-history":[{"count":0,"href":"https:\/\/archive.sana.sy\/tr\/index.php?rest_route=\/wp\/v2\/posts\/104799\/revisions"}],"wp:featuredmedia":[{"embeddable":true,"href":"https:\/\/archive.sana.sy\/tr\/index.php?rest_route=\/wp\/v2\/media\/104800"}],"wp:attachment":[{"href":"https:\/\/archive.sana.sy\/tr\/index.php?rest_route=%2Fwp%2Fv2%2Fmedia&parent=104799"}],"wp:term":[{"taxonomy":"category","embeddable":true,"href":"https:\/\/archive.sana.sy\/tr\/index.php?rest_route=%2Fwp%2Fv2%2Fcategories&post=104799"},{"taxonomy":"post_tag","embeddable":true,"href":"https:\/\/archive.sana.sy\/tr\/index.php?rest_route=%2Fwp%2Fv2%2Ftags&post=104799"}],"curies":[{"name":"wp","href":"https:\/\/api.w.org\/{rel}","templated":true}]}}