{"id":10480,"date":"2014-09-19T12:34:55","date_gmt":"2014-09-19T09:34:55","guid":{"rendered":"http:\/\/www.sana.sy\/tr\/?p=10480"},"modified":"2014-09-19T12:34:55","modified_gmt":"2014-09-19T09:34:55","slug":"terorle-mucadele-icin-ulke-egemenliklerine-saygi-sart","status":"publish","type":"post","link":"https:\/\/archive.sana.sy\/tr\/?p=10480","title":{"rendered":"Ter\u00f6rle M\u00fccadele \u0130\u00e7in \u00dclke Egemenliklerine Sayg\u0131 \u015eart"},"content":{"rendered":"<p>BEYRUT \u2013 \u00c7in \u00d6zel Ortado\u011fu El\u00e7isi Kung Chiao Cheng \u00fclkesinin ter\u00f6r\u00fcn b\u00fct\u00fcn \u015fekillerine ve \u00f6zellikle sivilleri ve masumlar\u0131 hedef alan ter\u00f6re kar\u015f\u0131 oldu\u011funu yineledi.<\/p>\n<p>Beyrut\u2019a bug\u00fcn erken bir saatte ula\u015fan Kung yapt\u0131\u011f\u0131 a\u00e7\u0131klamalar s\u0131ras\u0131nda \u201cB\u00f6lgede \u015fimdiki durumlar \u00e7ok karma\u015f\u0131k. Ter\u00f6r\u00fcn kayna\u011f\u0131 hakk\u0131nda derin ve kapsaml\u0131 bir ara\u015ft\u0131rma yapmam\u0131z laz\u0131m. Bu sorunu \u00e7\u00f6zmek i\u00e7in kapsaml\u0131 bir \u00e7\u00f6z\u00fcm bulmam\u0131z gerek\u201d dedi.<\/p>\n<p>\u00dclkesinin ter\u00f6r\u00fcn L\u00fcbnan dahil bir \u00e7ok b\u00f6lgeye uzanmas\u0131ndan \u00f6t\u00fcr\u00fc endi\u015felerini dile getiren Kung ter\u00f6re kar\u015f\u0131 harekat yap\u0131ld\u0131\u011f\u0131 s\u0131rada \u00fclkelerin egemenli\u011fine ve toprak b\u00fct\u00fcnl\u00fc\u011f\u00fcne sayg\u0131 duyulmas\u0131n\u0131n zorunlu oldu\u011funa dikkat \u00e7ekip \u201cBu a\u00e7\u0131da hi\u00e7 bir ku\u015fkuya mahal olmamas\u0131 gerek\u201d dedi.<\/p>\n<p>Kung \u00fclkesinin Ortado\u011fu halklar\u0131n\u0131n bu b\u00f6lgenin sahibi oldu\u011funu addetti\u011fini, b\u00f6lge sorunlar\u0131na \u00e7\u00f6z\u00fcm arand\u0131\u011f\u0131nda uluslararas\u0131 toplumun onlar\u0131n \u00f6nerilerini ciddiye almas\u0131 gerekti\u011fini vurgulad\u0131.<\/p>\n<p>L\u00fcbnan D\u0131\u015fi\u015fleri ve Gurbet\u00e7iler Bakan\u0131 Cebran Basil\u2019le g\u00f6r\u00fc\u015ft\u00fckten sonra Kung, \u201cBurada \u00e7ok say\u0131da s\u0131cak sorun var. Bug\u00fcn L\u00fcbnan\u2019a ger\u00e7ekle\u015ftirmi\u015f bulundu\u011fumuz bu ziyaret \u00c7in\u2019in b\u00f6lgeyi \u00f6nemsedi\u011fi, geli\u015fmelerini yak\u0131n bir \u015fekilde takip etti\u011fi anlam\u0131n\u0131 ta\u015f\u0131maktad\u0131r\u201d dedi.<\/p>\n<p>&nbsp;<\/p>\n","protected":false},"excerpt":{"rendered":"<p>BEYRUT \u2013 \u00c7in \u00d6zel Ortado\u011fu El\u00e7isi Kung Chiao Cheng \u00fclkesinin ter\u00f6r\u00fcn b\u00fct\u00fcn \u015fekillerine ve \u00f6zellikle sivilleri ve masumlar\u0131 hedef alan ter\u00f6re kar\u015f\u0131 oldu\u011funu yineledi. Beyrut\u2019a bug\u00fcn erken bir saatte ula\u015fan Kung yapt\u0131\u011f\u0131 a\u00e7\u0131klamalar s\u0131ras\u0131nda \u201cB\u00f6lgede \u015fimdiki durumlar \u00e7ok karma\u015f\u0131k. Ter\u00f6r\u00fcn kayna\u011f\u0131 hakk\u0131nda derin ve kapsaml\u0131 bir ara\u015ft\u0131rma yapmam\u0131z laz\u0131m. Bu sorunu \u00e7\u00f6zmek i\u00e7in kapsaml\u0131 bir &hellip;<\/p>\n","protected":false},"author":1,"featured_media":10481,"comment_status":"closed","ping_status":"closed","sticky":false,"template":"","format":"standard","meta":{"footnotes":""},"categories":[458,459,447],"tags":[2429],"class_list":["post-10480","post","type-post","status-publish","format-standard","has-post-thumbnail","","category-dunya1","category-haberler-arap-uluslararasi-politika","category-politika","tag-terorle-mucadele-icin-ulke-egemenliklerine-saygi-sart"],"_links":{"self":[{"href":"https:\/\/archive.sana.sy\/tr\/index.php?rest_route=\/wp\/v2\/posts\/10480","targetHints":{"allow":["GET"]}}],"collection":[{"href":"https:\/\/archive.sana.sy\/tr\/index.php?rest_route=\/wp\/v2\/posts"}],"about":[{"href":"https:\/\/archive.sana.sy\/tr\/index.php?rest_route=\/wp\/v2\/types\/post"}],"author":[{"embeddable":true,"href":"https:\/\/archive.sana.sy\/tr\/index.php?rest_route=\/wp\/v2\/users\/1"}],"replies":[{"embeddable":true,"href":"https:\/\/archive.sana.sy\/tr\/index.php?rest_route=%2Fwp%2Fv2%2Fcomments&post=10480"}],"version-history":[{"count":0,"href":"https:\/\/archive.sana.sy\/tr\/index.php?rest_route=\/wp\/v2\/posts\/10480\/revisions"}],"wp:featuredmedia":[{"embeddable":true,"href":"https:\/\/archive.sana.sy\/tr\/index.php?rest_route=\/wp\/v2\/media\/10481"}],"wp:attachment":[{"href":"https:\/\/archive.sana.sy\/tr\/index.php?rest_route=%2Fwp%2Fv2%2Fmedia&parent=10480"}],"wp:term":[{"taxonomy":"category","embeddable":true,"href":"https:\/\/archive.sana.sy\/tr\/index.php?rest_route=%2Fwp%2Fv2%2Fcategories&post=10480"},{"taxonomy":"post_tag","embeddable":true,"href":"https:\/\/archive.sana.sy\/tr\/index.php?rest_route=%2Fwp%2Fv2%2Ftags&post=10480"}],"curies":[{"name":"wp","href":"https:\/\/api.w.org\/{rel}","templated":true}]}}