{"id":104848,"date":"2017-02-15T13:52:30","date_gmt":"2017-02-15T11:52:30","guid":{"rendered":"http:\/\/www.sana.sy\/tr\/?p=104848"},"modified":"2017-02-17T14:38:15","modified_gmt":"2017-02-17T12:38:15","slug":"bos-milletvekili-sandalyesi-icin-secim-yapilacak","status":"publish","type":"post","link":"https:\/\/archive.sana.sy\/tr\/?p=104848","title":{"rendered":"Bo\u015f Milletvekili Sandalyesi \u0130\u00e7in Se\u00e7im Yap\u0131lacak"},"content":{"rendered":"<p>\u015eAM \u2013 Cumhurba\u015fkan\u0131 Be\u015f\u015far el Esad, Halk Meclisinde Halep \u0130li A sekt\u00f6r\u00fcnden bo\u015f kalan milletvekili sandalyesinin doldurulmas\u0131 i\u00e7in \u00f6n\u00fcm\u00fczdeki Pazar g\u00fcn\u00fcne denk gelen 19 \u015eubat tarihinde se\u00e7imlerin yap\u0131lmas\u0131n\u0131 \u00f6ng\u00f6ren 2017\/50 say\u0131l\u0131 kararnameyi onaylad\u0131.<\/p>\n<p>Kararname gere\u011fince milletvekili se\u00e7imi, 2014\/5 say\u0131l\u0131 genel se\u00e7imler kanunu kapsam\u0131nda yap\u0131lacak.<\/p>\n","protected":false},"excerpt":{"rendered":"<p>\u015eAM \u2013 Cumhurba\u015fkan\u0131 Be\u015f\u015far el Esad, Halk Meclisinde Halep \u0130li A sekt\u00f6r\u00fcnden bo\u015f kalan milletvekili sandalyesinin doldurulmas\u0131 i\u00e7in \u00f6n\u00fcm\u00fczdeki Pazar g\u00fcn\u00fcne denk gelen 19 \u015eubat tarihinde se\u00e7imlerin yap\u0131lmas\u0131n\u0131 \u00f6ng\u00f6ren 2017\/50 say\u0131l\u0131 kararnameyi onaylad\u0131. Kararname gere\u011fince milletvekili se\u00e7imi, 2014\/5 say\u0131l\u0131 genel se\u00e7imler kanunu kapsam\u0131nda yap\u0131lacak.<\/p>\n","protected":false},"author":1,"featured_media":67787,"comment_status":"closed","ping_status":"closed","sticky":false,"template":"","format":"standard","meta":{"footnotes":""},"categories":[479,605,17988,612,599,478],"tags":[17256,27615,8767,27616,16838,19946,27614,27617,24119,24013],"class_list":["post-104848","post","type-post","status-publish","format-standard","has-post-thumbnail","","category-haberler-yerel","category-sayin-cumhurbaskani","category-son-haberler","category-yasama-kararnameler","category-yasama-ve-kanunlar","category-yerel","tag-bessar-el-esad","tag-bos-sandalye","tag-cumhurbaskani","tag-genel-secimler","tag-halk-meclisi","tag-kararname","tag-milletvekili","tag-milletvekili-seciimi","tag-suriye-lideri","tag-suriye-parlamentosu"],"_links":{"self":[{"href":"https:\/\/archive.sana.sy\/tr\/index.php?rest_route=\/wp\/v2\/posts\/104848","targetHints":{"allow":["GET"]}}],"collection":[{"href":"https:\/\/archive.sana.sy\/tr\/index.php?rest_route=\/wp\/v2\/posts"}],"about":[{"href":"https:\/\/archive.sana.sy\/tr\/index.php?rest_route=\/wp\/v2\/types\/post"}],"author":[{"embeddable":true,"href":"https:\/\/archive.sana.sy\/tr\/index.php?rest_route=\/wp\/v2\/users\/1"}],"replies":[{"embeddable":true,"href":"https:\/\/archive.sana.sy\/tr\/index.php?rest_route=%2Fwp%2Fv2%2Fcomments&post=104848"}],"version-history":[{"count":0,"href":"https:\/\/archive.sana.sy\/tr\/index.php?rest_route=\/wp\/v2\/posts\/104848\/revisions"}],"wp:featuredmedia":[{"embeddable":true,"href":"https:\/\/archive.sana.sy\/tr\/index.php?rest_route=\/wp\/v2\/media\/67787"}],"wp:attachment":[{"href":"https:\/\/archive.sana.sy\/tr\/index.php?rest_route=%2Fwp%2Fv2%2Fmedia&parent=104848"}],"wp:term":[{"taxonomy":"category","embeddable":true,"href":"https:\/\/archive.sana.sy\/tr\/index.php?rest_route=%2Fwp%2Fv2%2Fcategories&post=104848"},{"taxonomy":"post_tag","embeddable":true,"href":"https:\/\/archive.sana.sy\/tr\/index.php?rest_route=%2Fwp%2Fv2%2Ftags&post=104848"}],"curies":[{"name":"wp","href":"https:\/\/api.w.org\/{rel}","templated":true}]}}