{"id":104855,"date":"2017-02-15T10:09:17","date_gmt":"2017-02-15T08:09:17","guid":{"rendered":"http:\/\/www.sana.sy\/tr\/?p=104855"},"modified":"2017-02-15T14:09:35","modified_gmt":"2017-02-15T12:09:35","slug":"vali-diyab-yaklasik-bir-ay-once-isid-tarafindan-kapatilan-su-pompalarinin-yogun-cabalar-ardindan-yeniden-acilmalari-ardindan-20-dakika-sonra-tekfirci-teror-orgutunun-bu-pompalari-tekrar-kapattigina-di","status":"publish","type":"post","link":"https:\/\/archive.sana.sy\/tr\/?p=104855","title":{"rendered":"Vali Diyab yakla\u015f\u0131k bir ay \u00f6nce I\u015e\u0130D taraf\u0131ndan kapat\u0131lan su pompalar\u0131n\u0131n yo\u011fun \u00e7abalar ard\u0131ndan yeniden a\u00e7\u0131lmalar\u0131 ard\u0131ndan 20 dakika sonra tekfirci ter\u00f6r \u00f6rg\u00fct\u00fcn\u00fcn bu pompalar\u0131 tekrar kapatt\u0131\u011f\u0131na dikkat \u00e7ekti"},"content":{"rendered":"<p>Vali Diyab yakla\u015f\u0131k bir ay \u00f6nce I\u015e\u0130D taraf\u0131ndan kapat\u0131lan su pompalar\u0131n\u0131n yo\u011fun \u00e7abalar ard\u0131ndan yeniden a\u00e7\u0131lmalar\u0131 ard\u0131ndan 20 dakika sonra tekfirci ter\u00f6r \u00f6rg\u00fct\u00fcn\u00fcn bu pompalar\u0131 tekrar kapatt\u0131\u011f\u0131na dikkat \u00e7ekti<\/p>\n","protected":false},"excerpt":{"rendered":"<p>Vali Diyab yakla\u015f\u0131k bir ay \u00f6nce I\u015e\u0130D taraf\u0131ndan kapat\u0131lan su pompalar\u0131n\u0131n yo\u011fun \u00e7abalar ard\u0131ndan yeniden a\u00e7\u0131lmalar\u0131 ard\u0131ndan 20 dakika sonra tekfirci ter\u00f6r \u00f6rg\u00fct\u00fcn\u00fcn bu pompalar\u0131 tekrar kapatt\u0131\u011f\u0131na dikkat \u00e7ekti<\/p>\n","protected":false},"author":1,"featured_media":0,"comment_status":"closed","ping_status":"closed","sticky":false,"template":"","format":"standard","meta":{"footnotes":""},"categories":[17991],"tags":[],"class_list":["post-104855","post","type-post","status-publish","format-standard","","category-son-dakika"],"_links":{"self":[{"href":"https:\/\/archive.sana.sy\/tr\/index.php?rest_route=\/wp\/v2\/posts\/104855","targetHints":{"allow":["GET"]}}],"collection":[{"href":"https:\/\/archive.sana.sy\/tr\/index.php?rest_route=\/wp\/v2\/posts"}],"about":[{"href":"https:\/\/archive.sana.sy\/tr\/index.php?rest_route=\/wp\/v2\/types\/post"}],"author":[{"embeddable":true,"href":"https:\/\/archive.sana.sy\/tr\/index.php?rest_route=\/wp\/v2\/users\/1"}],"replies":[{"embeddable":true,"href":"https:\/\/archive.sana.sy\/tr\/index.php?rest_route=%2Fwp%2Fv2%2Fcomments&post=104855"}],"version-history":[{"count":0,"href":"https:\/\/archive.sana.sy\/tr\/index.php?rest_route=\/wp\/v2\/posts\/104855\/revisions"}],"wp:attachment":[{"href":"https:\/\/archive.sana.sy\/tr\/index.php?rest_route=%2Fwp%2Fv2%2Fmedia&parent=104855"}],"wp:term":[{"taxonomy":"category","embeddable":true,"href":"https:\/\/archive.sana.sy\/tr\/index.php?rest_route=%2Fwp%2Fv2%2Fcategories&post=104855"},{"taxonomy":"post_tag","embeddable":true,"href":"https:\/\/archive.sana.sy\/tr\/index.php?rest_route=%2Fwp%2Fv2%2Ftags&post=104855"}],"curies":[{"name":"wp","href":"https:\/\/api.w.org\/{rel}","templated":true}]}}