{"id":104857,"date":"2017-02-15T14:00:54","date_gmt":"2017-02-15T12:00:54","guid":{"rendered":"http:\/\/www.sana.sy\/tr\/?p=104857"},"modified":"2017-02-16T17:45:55","modified_gmt":"2017-02-16T15:45:55","slug":"isid-yine-halep-suyunu-kesti","status":"publish","type":"post","link":"https:\/\/archive.sana.sy\/tr\/?p=104857","title":{"rendered":"I\u015e\u0130D Yine Halep Suyunu Kesti"},"content":{"rendered":"<p>HALEP \u2013 Halep Valisi H\u00fcseyin Diyab; I\u015e\u0130D ter\u00f6r \u00f6rg\u00fct\u00fcn\u00fcn, Hafsa B\u00f6lgesinde F\u0131rat Nehri \u00fczerinden Halep Kentine su temin eden su pompalar\u0131n\u0131 bir kez daha kapatt\u0131klar\u0131n\u0131 belirtti.<\/p>\n<p>Vali Diyab yakla\u015f\u0131k bir ay \u00f6nce I\u015e\u0130D taraf\u0131ndan kapat\u0131lan su pompalar\u0131n\u0131n yo\u011fun \u00e7abalar ard\u0131ndan yeniden a\u00e7\u0131lmalar\u0131 ard\u0131ndan 20 dakika sonra tekfirci ter\u00f6r \u00f6rg\u00fct\u00fcn\u00fcn bu pompalar\u0131 tekrar kapatt\u0131\u011f\u0131na dikkat \u00e7ekti. Bunun sonucunda Halep ahalisinin yine susuz kald\u0131klar\u0131na dikkat \u00e7eken Vali Diyab, bunun yol a\u00e7t\u0131\u011f\u0131 insani durumlara vurgu yapt\u0131.<\/p>\n","protected":false},"excerpt":{"rendered":"<p>HALEP \u2013 Halep Valisi H\u00fcseyin Diyab; I\u015e\u0130D ter\u00f6r \u00f6rg\u00fct\u00fcn\u00fcn, Hafsa B\u00f6lgesinde F\u0131rat Nehri \u00fczerinden Halep Kentine su temin eden su pompalar\u0131n\u0131 bir kez daha kapatt\u0131klar\u0131n\u0131 belirtti. Vali Diyab yakla\u015f\u0131k bir ay \u00f6nce I\u015e\u0130D taraf\u0131ndan kapat\u0131lan su pompalar\u0131n\u0131n yo\u011fun \u00e7abalar ard\u0131ndan yeniden a\u00e7\u0131lmalar\u0131 ard\u0131ndan 20 dakika sonra tekfirci ter\u00f6r \u00f6rg\u00fct\u00fcn\u00fcn bu pompalar\u0131 tekrar kapatt\u0131\u011f\u0131na dikkat \u00e7ekti. &hellip;<\/p>\n","protected":false},"author":1,"featured_media":104858,"comment_status":"closed","ping_status":"closed","sticky":false,"template":"","format":"standard","meta":{"footnotes":""},"categories":[479,575,17988,478],"tags":[18237,18576,18577,19654,19032,23233,25671,2318,27618,19043,22182],"class_list":["post-104857","post","type-post","status-publish","format-standard","has-post-thumbnail","","category-haberler-yerel","category-olaylar-ve-gercekler","category-son-haberler","category-yerel","tag-cihatcilar","tag-daes","tag-deas","tag-halep-kenti","tag-halep-valisi","tag-halepte-insani-durum","tag-huseyin-diyab","tag-isid","tag-su-pompalari","tag-suriyede-son-durum","tag-suriyede-savas"],"_links":{"self":[{"href":"https:\/\/archive.sana.sy\/tr\/index.php?rest_route=\/wp\/v2\/posts\/104857","targetHints":{"allow":["GET"]}}],"collection":[{"href":"https:\/\/archive.sana.sy\/tr\/index.php?rest_route=\/wp\/v2\/posts"}],"about":[{"href":"https:\/\/archive.sana.sy\/tr\/index.php?rest_route=\/wp\/v2\/types\/post"}],"author":[{"embeddable":true,"href":"https:\/\/archive.sana.sy\/tr\/index.php?rest_route=\/wp\/v2\/users\/1"}],"replies":[{"embeddable":true,"href":"https:\/\/archive.sana.sy\/tr\/index.php?rest_route=%2Fwp%2Fv2%2Fcomments&post=104857"}],"version-history":[{"count":0,"href":"https:\/\/archive.sana.sy\/tr\/index.php?rest_route=\/wp\/v2\/posts\/104857\/revisions"}],"wp:featuredmedia":[{"embeddable":true,"href":"https:\/\/archive.sana.sy\/tr\/index.php?rest_route=\/wp\/v2\/media\/104858"}],"wp:attachment":[{"href":"https:\/\/archive.sana.sy\/tr\/index.php?rest_route=%2Fwp%2Fv2%2Fmedia&parent=104857"}],"wp:term":[{"taxonomy":"category","embeddable":true,"href":"https:\/\/archive.sana.sy\/tr\/index.php?rest_route=%2Fwp%2Fv2%2Fcategories&post=104857"},{"taxonomy":"post_tag","embeddable":true,"href":"https:\/\/archive.sana.sy\/tr\/index.php?rest_route=%2Fwp%2Fv2%2Ftags&post=104857"}],"curies":[{"name":"wp","href":"https:\/\/api.w.org\/{rel}","templated":true}]}}