{"id":104860,"date":"2017-02-15T09:12:16","date_gmt":"2017-02-15T07:12:16","guid":{"rendered":"http:\/\/www.sana.sy\/tr\/?p=104860"},"modified":"2017-02-15T14:35:16","modified_gmt":"2017-02-15T12:35:16","slug":"askeri-kaynak-ordu-birliklerimizin-derada-isgalci-israilin-destekleyip-yonlendirdigi-nusra-cephesinin-askeri-ve-sivil-bolgelere-saldirilarini-cokerttiklerini-ifade-etti","status":"publish","type":"post","link":"https:\/\/archive.sana.sy\/tr\/?p=104860","title":{"rendered":"Askeri kaynak ordu birliklerimizin Dera\u2019da i\u015fgalci \u0130srail\u2019in destekleyip y\u00f6nlendirdi\u011fi Nusra Cephesinin askeri ve sivil b\u00f6lgelere sald\u0131r\u0131lar\u0131n\u0131 \u00e7\u00f6kerttiklerini ifade etti"},"content":{"rendered":"<p>Askeri kaynak ordu birliklerimizin Dera\u2019da i\u015fgalci \u0130srail\u2019in destekleyip y\u00f6nlendirdi\u011fi Nusra Cephesinin askeri ve sivil b\u00f6lgelere sald\u0131r\u0131lar\u0131n\u0131 \u00e7\u00f6kerttiklerini ifade etti<\/p>\n","protected":false},"excerpt":{"rendered":"<p>Askeri kaynak ordu birliklerimizin Dera\u2019da i\u015fgalci \u0130srail\u2019in destekleyip y\u00f6nlendirdi\u011fi Nusra Cephesinin askeri ve sivil b\u00f6lgelere sald\u0131r\u0131lar\u0131n\u0131 \u00e7\u00f6kerttiklerini ifade etti<\/p>\n","protected":false},"author":1,"featured_media":0,"comment_status":"closed","ping_status":"closed","sticky":false,"template":"","format":"standard","meta":{"footnotes":""},"categories":[17991],"tags":[],"class_list":["post-104860","post","type-post","status-publish","format-standard","","category-son-dakika"],"_links":{"self":[{"href":"https:\/\/archive.sana.sy\/tr\/index.php?rest_route=\/wp\/v2\/posts\/104860","targetHints":{"allow":["GET"]}}],"collection":[{"href":"https:\/\/archive.sana.sy\/tr\/index.php?rest_route=\/wp\/v2\/posts"}],"about":[{"href":"https:\/\/archive.sana.sy\/tr\/index.php?rest_route=\/wp\/v2\/types\/post"}],"author":[{"embeddable":true,"href":"https:\/\/archive.sana.sy\/tr\/index.php?rest_route=\/wp\/v2\/users\/1"}],"replies":[{"embeddable":true,"href":"https:\/\/archive.sana.sy\/tr\/index.php?rest_route=%2Fwp%2Fv2%2Fcomments&post=104860"}],"version-history":[{"count":0,"href":"https:\/\/archive.sana.sy\/tr\/index.php?rest_route=\/wp\/v2\/posts\/104860\/revisions"}],"wp:attachment":[{"href":"https:\/\/archive.sana.sy\/tr\/index.php?rest_route=%2Fwp%2Fv2%2Fmedia&parent=104860"}],"wp:term":[{"taxonomy":"category","embeddable":true,"href":"https:\/\/archive.sana.sy\/tr\/index.php?rest_route=%2Fwp%2Fv2%2Fcategories&post=104860"},{"taxonomy":"post_tag","embeddable":true,"href":"https:\/\/archive.sana.sy\/tr\/index.php?rest_route=%2Fwp%2Fv2%2Ftags&post=104860"}],"curies":[{"name":"wp","href":"https:\/\/api.w.org\/{rel}","templated":true}]}}