{"id":104868,"date":"2017-02-15T10:50:22","date_gmt":"2017-02-15T08:50:22","guid":{"rendered":"http:\/\/www.sana.sy\/tr\/?p=104868"},"modified":"2017-02-15T14:42:40","modified_gmt":"2017-02-15T12:42:40","slug":"deyrezzor-kentinin-guneyi-makabir-bolgesinde-arata-kalan-isidli-cetelere-karsi-operasyonlarin-devam-ettigini-belirten-askeri-kaynak-radikal-cetelerin-burada-da-siperleri-ve-karargahlariyla-e","status":"publish","type":"post","link":"https:\/\/archive.sana.sy\/tr\/?p=104868","title":{"rendered":"Deyrezzor Kentinin g\u00fcneyi Makabir B\u00f6lgesinde arata kalan I\u015e\u0130D\u2019li \u00e7etelere kar\u015f\u0131 operasyonlar\u0131n devam etti\u011fini belirten askeri kaynak, radikal \u00e7etelerin burada da siperleri ve karargahlar\u0131yla etkisiz hale getirildiklerini aktard\u0131"},"content":{"rendered":"<p>Deyrezzor Kentinin g\u00fcneyi Makabir B\u00f6lgesinde arata kalan I\u015e\u0130D\u2019li \u00e7etelere kar\u015f\u0131 operasyonlar\u0131n devam etti\u011fini belirten askeri kaynak, radikal \u00e7etelerin burada da siperleri ve karargahlar\u0131yla etkisiz hale getirildiklerini aktard\u0131<\/p>\n","protected":false},"excerpt":{"rendered":"<p>Deyrezzor Kentinin g\u00fcneyi Makabir B\u00f6lgesinde arata kalan I\u015e\u0130D\u2019li \u00e7etelere kar\u015f\u0131 operasyonlar\u0131n devam etti\u011fini belirten askeri kaynak, radikal \u00e7etelerin burada da siperleri ve karargahlar\u0131yla etkisiz hale getirildiklerini aktard\u0131<\/p>\n","protected":false},"author":1,"featured_media":0,"comment_status":"closed","ping_status":"closed","sticky":false,"template":"","format":"standard","meta":{"footnotes":""},"categories":[17991],"tags":[],"class_list":["post-104868","post","type-post","status-publish","format-standard","","category-son-dakika"],"_links":{"self":[{"href":"https:\/\/archive.sana.sy\/tr\/index.php?rest_route=\/wp\/v2\/posts\/104868","targetHints":{"allow":["GET"]}}],"collection":[{"href":"https:\/\/archive.sana.sy\/tr\/index.php?rest_route=\/wp\/v2\/posts"}],"about":[{"href":"https:\/\/archive.sana.sy\/tr\/index.php?rest_route=\/wp\/v2\/types\/post"}],"author":[{"embeddable":true,"href":"https:\/\/archive.sana.sy\/tr\/index.php?rest_route=\/wp\/v2\/users\/1"}],"replies":[{"embeddable":true,"href":"https:\/\/archive.sana.sy\/tr\/index.php?rest_route=%2Fwp%2Fv2%2Fcomments&post=104868"}],"version-history":[{"count":0,"href":"https:\/\/archive.sana.sy\/tr\/index.php?rest_route=\/wp\/v2\/posts\/104868\/revisions"}],"wp:attachment":[{"href":"https:\/\/archive.sana.sy\/tr\/index.php?rest_route=%2Fwp%2Fv2%2Fmedia&parent=104868"}],"wp:term":[{"taxonomy":"category","embeddable":true,"href":"https:\/\/archive.sana.sy\/tr\/index.php?rest_route=%2Fwp%2Fv2%2Fcategories&post=104868"},{"taxonomy":"post_tag","embeddable":true,"href":"https:\/\/archive.sana.sy\/tr\/index.php?rest_route=%2Fwp%2Fv2%2Ftags&post=104868"}],"curies":[{"name":"wp","href":"https:\/\/api.w.org\/{rel}","templated":true}]}}