{"id":104887,"date":"2017-02-15T12:30:58","date_gmt":"2017-02-15T10:30:58","guid":{"rendered":"http:\/\/www.sana.sy\/tr\/?p=104887"},"modified":"2017-02-17T14:38:19","modified_gmt":"2017-02-17T12:38:19","slug":"havzalarinda-14-kg-esrar-ile-yakalandilar","status":"publish","type":"post","link":"https:\/\/archive.sana.sy\/tr\/?p=104887","title":{"rendered":"Havzalar\u0131nda 14 kg Esrar ile Yakaland\u0131lar"},"content":{"rendered":"<p>\u015eAM KIRSALI \u2013 \u0130\u00e7i\u015fleri Bakanl\u0131\u011f\u0131 bug\u00fcn, muhtelif terimler alt\u0131nda faaliyet g\u00f6steren ter\u00f6r \u00f6rg\u00fctleri saflar\u0131nda uyu\u015fturucu kullan\u0131m\u0131n\u0131n artmas\u0131yla operasyonlar\u0131n\u0131 yo\u011funla\u015ft\u0131ran uyu\u015fturucuyla m\u00fccadele ekiplerinin \u015eam k\u0131rsal\u0131nda uyu\u015fturucu ticareti yapan 2 ki\u015fiyi tutuklad\u0131klar\u0131n\u0131 belirtti.<\/p>\n<p>\u0130\u00e7i\u015fleri Bakanl\u0131\u011f\u0131 SANA2ya a\u00e7\u0131klamas\u0131nda; takibe al\u0131nan s\u00f6z konusu iki ki\u015finin kulland\u0131klar\u0131 arac\u0131n \u00e7evrilmesiyle ara\u00e7 i\u00e7inde saklanm\u0131\u015f 14 kg esrar ele ge\u00e7irildi\u011fini kaydetti.<\/p>\n","protected":false},"excerpt":{"rendered":"<p>\u015eAM KIRSALI \u2013 \u0130\u00e7i\u015fleri Bakanl\u0131\u011f\u0131 bug\u00fcn, muhtelif terimler alt\u0131nda faaliyet g\u00f6steren ter\u00f6r \u00f6rg\u00fctleri saflar\u0131nda uyu\u015fturucu kullan\u0131m\u0131n\u0131n artmas\u0131yla operasyonlar\u0131n\u0131 yo\u011funla\u015ft\u0131ran uyu\u015fturucuyla m\u00fccadele ekiplerinin \u015eam k\u0131rsal\u0131nda uyu\u015fturucu ticareti yapan 2 ki\u015fiyi tutuklad\u0131klar\u0131n\u0131 belirtti. \u0130\u00e7i\u015fleri Bakanl\u0131\u011f\u0131 SANA2ya a\u00e7\u0131klamas\u0131nda; takibe al\u0131nan s\u00f6z konusu iki ki\u015finin kulland\u0131klar\u0131 arac\u0131n \u00e7evrilmesiyle ara\u00e7 i\u00e7inde saklanm\u0131\u015f 14 kg esrar ele ge\u00e7irildi\u011fini kaydetti.<\/p>\n","protected":false},"author":1,"featured_media":104890,"comment_status":"closed","ping_status":"closed","sticky":false,"template":"","format":"standard","meta":{"footnotes":""},"categories":[485,486,479,17988,478],"tags":[27621,27622],"class_list":["post-104887","post","type-post","status-publish","format-standard","has-post-thumbnail","","category-is-ve-sermaye","category-haberler-is-ve-sermaye","category-haberler-yerel","category-son-haberler","category-yerel","tag-havzalarinda-14-kg-esrar-ile-yakalandilar","tag-sam-kirsali-icisleri-bakanligi-bugun"],"_links":{"self":[{"href":"https:\/\/archive.sana.sy\/tr\/index.php?rest_route=\/wp\/v2\/posts\/104887","targetHints":{"allow":["GET"]}}],"collection":[{"href":"https:\/\/archive.sana.sy\/tr\/index.php?rest_route=\/wp\/v2\/posts"}],"about":[{"href":"https:\/\/archive.sana.sy\/tr\/index.php?rest_route=\/wp\/v2\/types\/post"}],"author":[{"embeddable":true,"href":"https:\/\/archive.sana.sy\/tr\/index.php?rest_route=\/wp\/v2\/users\/1"}],"replies":[{"embeddable":true,"href":"https:\/\/archive.sana.sy\/tr\/index.php?rest_route=%2Fwp%2Fv2%2Fcomments&post=104887"}],"version-history":[{"count":0,"href":"https:\/\/archive.sana.sy\/tr\/index.php?rest_route=\/wp\/v2\/posts\/104887\/revisions"}],"wp:featuredmedia":[{"embeddable":true,"href":"https:\/\/archive.sana.sy\/tr\/index.php?rest_route=\/wp\/v2\/media\/104890"}],"wp:attachment":[{"href":"https:\/\/archive.sana.sy\/tr\/index.php?rest_route=%2Fwp%2Fv2%2Fmedia&parent=104887"}],"wp:term":[{"taxonomy":"category","embeddable":true,"href":"https:\/\/archive.sana.sy\/tr\/index.php?rest_route=%2Fwp%2Fv2%2Fcategories&post=104887"},{"taxonomy":"post_tag","embeddable":true,"href":"https:\/\/archive.sana.sy\/tr\/index.php?rest_route=%2Fwp%2Fv2%2Ftags&post=104887"}],"curies":[{"name":"wp","href":"https:\/\/api.w.org\/{rel}","templated":true}]}}