{"id":10511,"date":"2014-09-19T15:45:46","date_gmt":"2014-09-19T12:45:46","guid":{"rendered":"http:\/\/www.sana.sy\/tr\/?p=10511"},"modified":"2014-09-19T15:45:46","modified_gmt":"2014-09-19T12:45:46","slug":"lebveni-israilde-teroristleri-ziyaret-edip-israile-methiyeler-dizdi","status":"publish","type":"post","link":"https:\/\/archive.sana.sy\/tr\/?p=10511","title":{"rendered":"Lebveni \u0130srail\u2019de Ter\u00f6ristleri Ziyaret Edip \u0130srail\u2019e Methiyeler Dizdi"},"content":{"rendered":"<p>KUD\u00dcS \u2013 Kemal el Lebveni Suriye\u2019de yaralan\u0131p \u0130srail i\u015fgal hastanelerinde tedavi g\u00f6ren ter\u00f6ristleri ziyaret edip, d\u00fc\u015fman\u0131n bas\u0131n\u0131na deme\u00e7ler verip i\u015fgalci varl\u0131\u011fa methiyeler dizmeye devam etti.<\/p>\n<p>\u0130srailli Maarif gazetesinin sitesi \u201cT\u00fcrkiye\u2019de ikamet eden ve \u015fu an \u0130srail\u2019i ziyaret eden Suriye muhalefetinin liderlerinden\u201d \u015feklinde anlatt\u0131\u011f\u0131 Lebveni\u2019nin Safad\u2019da Zeyf hastanesinde tedavi g\u00f6ren ter\u00f6rist Suriyelileri ziyaret etti\u011fini bildirdi.<\/p>\n<p>Gazete bu ziyaret i\u00e7in \u201cSuriye muhalefetinde \u00f6nemli bir ki\u015fili\u011fin \u0130srail\u2019e ger\u00e7ekle\u015ftirdi\u011fi ilk ziyaret\u201d ifadelerini kulland\u0131.<br \/>\nLebveni\u2019nin \u0130srail h\u00fck\u00fcmetinde y\u00fcksek d\u00fczey sorumlularla g\u00f6r\u00fc\u015fece\u011fini bildiren gazete \u0130srailli-Amerikal\u0131 i\u015fadam\u0131 Moti Kahana\u2019n\u0131n ona e\u015flik etti\u011fini belirtti.<\/p>\n<p>\u0130srail \u0130\u015fgal Ba\u015fbakan\u0131 Benyamin Netenyaho ge\u00e7en \u015fubat ay\u0131nda i\u015fgalci varl\u0131\u011f\u0131n i\u015fgal edilmi\u015f Suriyeli topraklarda yaral\u0131 ter\u00f6ristleri tedavi etmek \u00fczere kurdu\u011fu hastaneyi ziyaret etmi\u015fti.<\/p>\n<p>Gazeteye a\u00e7\u0131klamalarda bulunun Lebveni \u201cKud\u00fcs\u2019\u00fc ve Tel Aviv\u2019i gezdim. \u0130srail toplumunun durumunu g\u00f6rd\u00fcm. Bu ziyarette edindi\u011fim intibalar\u0131m hakk\u0131nda makaleler yazmaya s\u00f6z verdim\u201d a\u00e7\u0131klamas\u0131ndan sonra, gazetenin belirtti\u011fine g\u00f6re \u201cBiz kom\u015fuyuz ve dost olabiliriz\u201d ifadesini ekledi.<\/p>\n<p>\u0130srail\u2019in Suriye topraklar\u0131n\u0131n bir par\u00e7as\u0131n\u0131 i\u015fgal etmesine kar\u015f\u0131n b\u00f6yle bir a\u00e7\u0131klamada bulunan Lebveni, kanun uzmanlar\u0131na g\u00f6re vatana ihanet ve d\u00fc\u015fman i\u015fbirlik\u00e7ili\u011fi su\u00e7lar\u0131n\u0131 i\u015flemi\u015f say\u0131l\u0131r.<\/p>\n<p>\u0130srailli Walla sitesi Lebveni\u2019nin Safad\u2019da Zeyf hastanesine d\u00fczenledi\u011fi ziyaret s\u0131ras\u0131nda tedavi veren t\u0131bbi ekibi takdir etti\u011fi y\u00f6n\u00fcndeki ifadelerini aktard\u0131.<\/p>\n<p>\u0130srail\u2019in Gazze katliamlar\u0131n\u0131 g\u00f6rmezlikten gelen Lebveni\u2019nin \u0130srailli hastanede \u201cBurada \u0130srail\u2019in iyi imaj\u0131n\u0131 b\u00fct\u00fcn ger\u00e7ekli\u011fiyle g\u00f6r\u00fcyorum\u201d dedi\u011fi bildirildi.<\/p>\n<p>Daha \u00f6nce ABD\u2019yi Suriye\u2019yi i\u015fgal etmeye davet eden Lebveni, \u201c\u0130srail umudumuzdur\u201d ifadesinin sahibidir.<\/p>\n<p>&nbsp;<\/p>\n","protected":false},"excerpt":{"rendered":"<p>KUD\u00dcS \u2013 Kemal el Lebveni Suriye\u2019de yaralan\u0131p \u0130srail i\u015fgal hastanelerinde tedavi g\u00f6ren ter\u00f6ristleri ziyaret edip, d\u00fc\u015fman\u0131n bas\u0131n\u0131na deme\u00e7ler verip i\u015fgalci varl\u0131\u011fa methiyeler dizmeye devam etti. \u0130srailli Maarif gazetesinin sitesi \u201cT\u00fcrkiye\u2019de ikamet eden ve \u015fu an \u0130srail\u2019i ziyaret eden Suriye muhalefetinin liderlerinden\u201d \u015feklinde anlatt\u0131\u011f\u0131 Lebveni\u2019nin Safad\u2019da Zeyf hastanesinde tedavi g\u00f6ren ter\u00f6rist Suriyelileri ziyaret etti\u011fini bildirdi. Gazete &hellip;<\/p>\n","protected":false},"author":1,"featured_media":10512,"comment_status":"closed","ping_status":"closed","sticky":false,"template":"","format":"standard","meta":{"footnotes":""},"categories":[447],"tags":[2434],"class_list":["post-10511","post","type-post","status-publish","format-standard","has-post-thumbnail","","category-politika","tag-lebveni-israilde-teroristleri-ziyaret-edip-israile-methiyeler-dizdi"],"_links":{"self":[{"href":"https:\/\/archive.sana.sy\/tr\/index.php?rest_route=\/wp\/v2\/posts\/10511","targetHints":{"allow":["GET"]}}],"collection":[{"href":"https:\/\/archive.sana.sy\/tr\/index.php?rest_route=\/wp\/v2\/posts"}],"about":[{"href":"https:\/\/archive.sana.sy\/tr\/index.php?rest_route=\/wp\/v2\/types\/post"}],"author":[{"embeddable":true,"href":"https:\/\/archive.sana.sy\/tr\/index.php?rest_route=\/wp\/v2\/users\/1"}],"replies":[{"embeddable":true,"href":"https:\/\/archive.sana.sy\/tr\/index.php?rest_route=%2Fwp%2Fv2%2Fcomments&post=10511"}],"version-history":[{"count":0,"href":"https:\/\/archive.sana.sy\/tr\/index.php?rest_route=\/wp\/v2\/posts\/10511\/revisions"}],"wp:featuredmedia":[{"embeddable":true,"href":"https:\/\/archive.sana.sy\/tr\/index.php?rest_route=\/wp\/v2\/media\/10512"}],"wp:attachment":[{"href":"https:\/\/archive.sana.sy\/tr\/index.php?rest_route=%2Fwp%2Fv2%2Fmedia&parent=10511"}],"wp:term":[{"taxonomy":"category","embeddable":true,"href":"https:\/\/archive.sana.sy\/tr\/index.php?rest_route=%2Fwp%2Fv2%2Fcategories&post=10511"},{"taxonomy":"post_tag","embeddable":true,"href":"https:\/\/archive.sana.sy\/tr\/index.php?rest_route=%2Fwp%2Fv2%2Ftags&post=10511"}],"curies":[{"name":"wp","href":"https:\/\/api.w.org\/{rel}","templated":true}]}}