{"id":10515,"date":"2014-09-19T16:06:32","date_gmt":"2014-09-19T13:06:32","guid":{"rendered":"http:\/\/www.sana.sy\/tr\/?p=10515"},"modified":"2014-09-19T16:18:36","modified_gmt":"2014-09-19T13:18:36","slug":"sama-havan-mermili-terorist-saldiri","status":"publish","type":"post","link":"https:\/\/archive.sana.sy\/tr\/?p=10515","title":{"rendered":"\u015eam\u2019a Havan Mermili Ter\u00f6rist Sald\u0131r\u0131"},"content":{"rendered":"<p>\u015eAM \u2013 \u015eam\u2019\u0131n muhtelif semtlerinde d\u00fc\u015fen hain hava merili sald\u0131r\u0131lar sonucu iki vatanda\u015f yaraland\u0131, baz\u0131 evler ve bir okul kitaplar\u0131 deposu maddi hasara u\u011frad\u0131.<\/p>\n<p>\u015eam emniyet m\u00fcd\u00fcrl\u00fc\u011f\u00fcnde bir kaynak Adavi semtinde d\u00fc\u015fen bir havan mermisinin bir vatanda\u015f\u0131, Kusur mahallesinde ise d\u00fc\u015fen ba\u015fka bir havan mermisinin ikinci bir vatanda\u015f\u0131 yaralad\u0131\u011f\u0131n\u0131 bildirdi.<\/p>\n<p>Bir s\u00fcr\u00fc sivil evin ve bir okul kitaplar\u0131 deposunun hasar g\u00f6rd\u00fc\u011f\u00fc belirtildi.<\/p>\n","protected":false},"excerpt":{"rendered":"<p>\u015eAM \u2013 \u015eam\u2019\u0131n muhtelif semtlerinde d\u00fc\u015fen hain hava merili sald\u0131r\u0131lar sonucu iki vatanda\u015f yaraland\u0131, baz\u0131 evler ve bir okul kitaplar\u0131 deposu maddi hasara u\u011frad\u0131. \u015eam emniyet m\u00fcd\u00fcrl\u00fc\u011f\u00fcnde bir kaynak Adavi semtinde d\u00fc\u015fen bir havan mermisinin bir vatanda\u015f\u0131, Kusur mahallesinde ise d\u00fc\u015fen ba\u015fka bir havan mermisinin ikinci bir vatanda\u015f\u0131 yaralad\u0131\u011f\u0131n\u0131 bildirdi. Bir s\u00fcr\u00fc sivil evin ve &hellip;<\/p>\n","protected":false},"author":1,"featured_media":10516,"comment_status":"closed","ping_status":"closed","sticky":false,"template":"","format":"standard","meta":{"footnotes":""},"categories":[479,575,478],"tags":[],"class_list":["post-10515","post","type-post","status-publish","format-standard","has-post-thumbnail","","category-haberler-yerel","category-olaylar-ve-gercekler","category-yerel"],"_links":{"self":[{"href":"https:\/\/archive.sana.sy\/tr\/index.php?rest_route=\/wp\/v2\/posts\/10515","targetHints":{"allow":["GET"]}}],"collection":[{"href":"https:\/\/archive.sana.sy\/tr\/index.php?rest_route=\/wp\/v2\/posts"}],"about":[{"href":"https:\/\/archive.sana.sy\/tr\/index.php?rest_route=\/wp\/v2\/types\/post"}],"author":[{"embeddable":true,"href":"https:\/\/archive.sana.sy\/tr\/index.php?rest_route=\/wp\/v2\/users\/1"}],"replies":[{"embeddable":true,"href":"https:\/\/archive.sana.sy\/tr\/index.php?rest_route=%2Fwp%2Fv2%2Fcomments&post=10515"}],"version-history":[{"count":0,"href":"https:\/\/archive.sana.sy\/tr\/index.php?rest_route=\/wp\/v2\/posts\/10515\/revisions"}],"wp:featuredmedia":[{"embeddable":true,"href":"https:\/\/archive.sana.sy\/tr\/index.php?rest_route=\/wp\/v2\/media\/10516"}],"wp:attachment":[{"href":"https:\/\/archive.sana.sy\/tr\/index.php?rest_route=%2Fwp%2Fv2%2Fmedia&parent=10515"}],"wp:term":[{"taxonomy":"category","embeddable":true,"href":"https:\/\/archive.sana.sy\/tr\/index.php?rest_route=%2Fwp%2Fv2%2Fcategories&post=10515"},{"taxonomy":"post_tag","embeddable":true,"href":"https:\/\/archive.sana.sy\/tr\/index.php?rest_route=%2Fwp%2Fv2%2Ftags&post=10515"}],"curies":[{"name":"wp","href":"https:\/\/api.w.org\/{rel}","templated":true}]}}