{"id":10518,"date":"2014-09-19T16:29:09","date_gmt":"2014-09-19T13:29:09","guid":{"rendered":"http:\/\/www.sana.sy\/tr\/?p=10518"},"modified":"2014-09-19T16:29:09","modified_gmt":"2014-09-19T13:29:09","slug":"askeri-bir-kaynak-ordu-birliklerimizin-dera-kirsalinda-tafs-anhel-ve-otmanda-cok-sayida-teroristi-oldurdugunu-tel-el-mahsta-bir-araci-icerisindekilerle-birlikte-yok-ettigini-bildi","status":"publish","type":"post","link":"https:\/\/archive.sana.sy\/tr\/?p=10518","title":{"rendered":"Askeri bir kaynak, ordu birliklerimizin Dera k\u0131rsal\u0131nda Tafs, Anhel ve Otman\u2019da \u00e7ok say\u0131da ter\u00f6risti \u00f6ld\u00fcrd\u00fc\u011f\u00fcn\u00fc, Tel el Mahs\u2019ta bir arac\u0131 i\u00e7erisindekilerle birlikte yok etti\u011fini bildirdi."},"content":{"rendered":"<p>Askeri bir kaynak, ordu birliklerimizin Dera k\u0131rsal\u0131nda Tafs, Anhel ve Otman\u2019da \u00e7ok say\u0131da ter\u00f6risti \u00f6ld\u00fcrd\u00fc\u011f\u00fcn\u00fc, Tel el Mahs\u2019ta bir arac\u0131 i\u00e7erisindekilerle birlikte yok etti\u011fini bildirdi.<\/p>\n","protected":false},"excerpt":{"rendered":"<p>Askeri bir kaynak, ordu birliklerimizin Dera k\u0131rsal\u0131nda Tafs, Anhel ve Otman\u2019da \u00e7ok say\u0131da ter\u00f6risti \u00f6ld\u00fcrd\u00fc\u011f\u00fcn\u00fc, Tel el Mahs\u2019ta bir arac\u0131 i\u00e7erisindekilerle birlikte yok etti\u011fini bildirdi.<\/p>\n","protected":false},"author":1,"featured_media":0,"comment_status":"closed","ping_status":"closed","sticky":false,"template":"","format":"standard","meta":{"footnotes":""},"categories":[1],"tags":[2436,2196,2435,2437],"class_list":["post-10518","post","type-post","status-publish","format-standard","","category-news-not-sorted","tag-anhel-ve-otmanda-cok-sayida-teroristi-oldurdugunu","tag-askeri-bir-kaynak","tag-ordu-birliklerimizin-dera-kirsalinda-tafs","tag-tel-el-mahsta-bir-araci-icerisindekilerle-birlikte-yok-ettigini-bildirdi"],"_links":{"self":[{"href":"https:\/\/archive.sana.sy\/tr\/index.php?rest_route=\/wp\/v2\/posts\/10518","targetHints":{"allow":["GET"]}}],"collection":[{"href":"https:\/\/archive.sana.sy\/tr\/index.php?rest_route=\/wp\/v2\/posts"}],"about":[{"href":"https:\/\/archive.sana.sy\/tr\/index.php?rest_route=\/wp\/v2\/types\/post"}],"author":[{"embeddable":true,"href":"https:\/\/archive.sana.sy\/tr\/index.php?rest_route=\/wp\/v2\/users\/1"}],"replies":[{"embeddable":true,"href":"https:\/\/archive.sana.sy\/tr\/index.php?rest_route=%2Fwp%2Fv2%2Fcomments&post=10518"}],"version-history":[{"count":0,"href":"https:\/\/archive.sana.sy\/tr\/index.php?rest_route=\/wp\/v2\/posts\/10518\/revisions"}],"wp:attachment":[{"href":"https:\/\/archive.sana.sy\/tr\/index.php?rest_route=%2Fwp%2Fv2%2Fmedia&parent=10518"}],"wp:term":[{"taxonomy":"category","embeddable":true,"href":"https:\/\/archive.sana.sy\/tr\/index.php?rest_route=%2Fwp%2Fv2%2Fcategories&post=10518"},{"taxonomy":"post_tag","embeddable":true,"href":"https:\/\/archive.sana.sy\/tr\/index.php?rest_route=%2Fwp%2Fv2%2Ftags&post=10518"}],"curies":[{"name":"wp","href":"https:\/\/api.w.org\/{rel}","templated":true}]}}