{"id":10529,"date":"2014-09-19T17:55:52","date_gmt":"2014-09-19T14:55:52","guid":{"rendered":"http:\/\/www.sana.sy\/tr\/?p=10529"},"modified":"2014-09-20T12:08:52","modified_gmt":"2014-09-20T09:08:52","slug":"kunaytra-polisi-gorev-basinda","status":"publish","type":"post","link":"https:\/\/archive.sana.sy\/tr\/?p=10529","title":{"rendered":"Kunaytra Polisi G\u00f6rev Ba\u015f\u0131nda"},"content":{"rendered":"<p>KUNAYTRA \u2013 Kunaytra \u0130l Emniyet M\u00fcd\u00fcrl\u00fc\u011f\u00fc il idari s\u0131n\u0131rlar\u0131 genelinde dola\u015ft\u0131rd\u0131\u011f\u0131 devriyeler ve faaliyetleri arac\u0131l\u0131\u011f\u0131 ile t\u00fcm g\u00f6revlerini yerine getiriyor.<\/p>\n<p>\u00d6zel ve kamu m\u00fclklerin yan\u0131 s\u0131ra vatanda\u015flar\u0131n can g\u00fcvenli\u011fini korumak i\u00e7in yo\u011fun devriyeler dola\u015ft\u0131ran Emniyet M\u00fcd\u00fcrl\u00fc\u011f\u00fc mensuplar\u0131; Kunaytra\u2019ya sald\u0131ran tekfirci ve hain ter\u00f6r \u00e7etelere kar\u015f\u0131 koymada da ordu briliklerimize yard\u0131m ediyor.<\/p>\n<div style=\"width: 618px;\" class=\"wp-video\"><!--[if lt IE 9]><script>document.createElement('video');<\/script><![endif]-->\n<video class=\"wp-video-shortcode\" id=\"video-10529-1\" width=\"618\" height=\"348\" preload=\"metadata\" controls=\"controls\"><source type=\"video\/x-flv\" src=\"http:\/\/www.sana.sy\/tr\/wp-content\/uploads\/2014\/09\/Kunaytra-Emniyet-M\u00fcd\u00fcr\u00fc-Gezisi.flv?_=1\" \/><a href=\"http:\/\/www.sana.sy\/tr\/wp-content\/uploads\/2014\/09\/Kunaytra-Emniyet-M\u00fcd\u00fcr\u00fc-Gezisi.flv\">http:\/\/www.sana.sy\/tr\/wp-content\/uploads\/2014\/09\/Kunaytra-Emniyet-M\u00fcd\u00fcr\u00fc-Gezisi.flv<\/a><\/video><\/div>\n","protected":false},"excerpt":{"rendered":"<p>KUNAYTRA \u2013 Kunaytra \u0130l Emniyet M\u00fcd\u00fcrl\u00fc\u011f\u00fc il idari s\u0131n\u0131rlar\u0131 genelinde dola\u015ft\u0131rd\u0131\u011f\u0131 devriyeler ve faaliyetleri arac\u0131l\u0131\u011f\u0131 ile t\u00fcm g\u00f6revlerini yerine getiriyor. \u00d6zel ve kamu m\u00fclklerin yan\u0131 s\u0131ra vatanda\u015flar\u0131n can g\u00fcvenli\u011fini korumak i\u00e7in yo\u011fun devriyeler dola\u015ft\u0131ran Emniyet M\u00fcd\u00fcrl\u00fc\u011f\u00fc mensuplar\u0131; Kunaytra\u2019ya sald\u0131ran tekfirci ve hain ter\u00f6r \u00e7etelere kar\u015f\u0131 koymada da ordu briliklerimize yard\u0131m ediyor.<\/p>\n","protected":false},"author":1,"featured_media":10530,"comment_status":"closed","ping_status":"closed","sticky":false,"template":"","format":"standard","meta":{"footnotes":""},"categories":[596,575,478],"tags":[2438],"class_list":["post-10529","post","type-post","status-publish","format-standard","has-post-thumbnail","","category-fotografli-raporlar","category-olaylar-ve-gercekler","category-yerel","tag-kunaytra-polisi-gorev-basinda"],"_links":{"self":[{"href":"https:\/\/archive.sana.sy\/tr\/index.php?rest_route=\/wp\/v2\/posts\/10529","targetHints":{"allow":["GET"]}}],"collection":[{"href":"https:\/\/archive.sana.sy\/tr\/index.php?rest_route=\/wp\/v2\/posts"}],"about":[{"href":"https:\/\/archive.sana.sy\/tr\/index.php?rest_route=\/wp\/v2\/types\/post"}],"author":[{"embeddable":true,"href":"https:\/\/archive.sana.sy\/tr\/index.php?rest_route=\/wp\/v2\/users\/1"}],"replies":[{"embeddable":true,"href":"https:\/\/archive.sana.sy\/tr\/index.php?rest_route=%2Fwp%2Fv2%2Fcomments&post=10529"}],"version-history":[{"count":0,"href":"https:\/\/archive.sana.sy\/tr\/index.php?rest_route=\/wp\/v2\/posts\/10529\/revisions"}],"wp:featuredmedia":[{"embeddable":true,"href":"https:\/\/archive.sana.sy\/tr\/index.php?rest_route=\/wp\/v2\/media\/10530"}],"wp:attachment":[{"href":"https:\/\/archive.sana.sy\/tr\/index.php?rest_route=%2Fwp%2Fv2%2Fmedia&parent=10529"}],"wp:term":[{"taxonomy":"category","embeddable":true,"href":"https:\/\/archive.sana.sy\/tr\/index.php?rest_route=%2Fwp%2Fv2%2Fcategories&post=10529"},{"taxonomy":"post_tag","embeddable":true,"href":"https:\/\/archive.sana.sy\/tr\/index.php?rest_route=%2Fwp%2Fv2%2Ftags&post=10529"}],"curies":[{"name":"wp","href":"https:\/\/api.w.org\/{rel}","templated":true}]}}