{"id":105317,"date":"2017-02-19T09:36:20","date_gmt":"2017-02-19T07:36:20","guid":{"rendered":"http:\/\/www.sana.sy\/tr\/?p=105317"},"modified":"2017-02-19T13:38:12","modified_gmt":"2017-02-19T11:38:12","slug":"askeri-kaynak-ordu-birliklerimizin-deyrezzor-kentinin-guney-girisi-panorama-bolgesine-sizan-isidli-bir-teror-grubuyla-siddetli-catismalara-girdiklerini-ifade-etti","status":"publish","type":"post","link":"https:\/\/archive.sana.sy\/tr\/?p=105317","title":{"rendered":"Askeri kaynak; ordu birliklerimizin Deyrezzor Kentinin g\u00fcney giri\u015fi Panorama B\u00f6lgesine s\u0131zan I\u015e\u0130D\u2019li bir ter\u00f6r grubuyla \u015fiddetli \u00e7at\u0131\u015fmalara girdiklerini ifade etti"},"content":{"rendered":"<p>Askeri kaynak; ordu birliklerimizin Deyrezzor Kentinin g\u00fcney giri\u015fi Panorama B\u00f6lgesine s\u0131zan I\u015e\u0130D\u2019li bir ter\u00f6r grubuyla \u015fiddetli \u00e7at\u0131\u015fmalara girdiklerini ifade etti<\/p>\n","protected":false},"excerpt":{"rendered":"<p>Askeri kaynak; ordu birliklerimizin Deyrezzor Kentinin g\u00fcney giri\u015fi Panorama B\u00f6lgesine s\u0131zan I\u015e\u0130D\u2019li bir ter\u00f6r grubuyla \u015fiddetli \u00e7at\u0131\u015fmalara girdiklerini ifade etti<\/p>\n","protected":false},"author":1,"featured_media":0,"comment_status":"closed","ping_status":"closed","sticky":false,"template":"","format":"standard","meta":{"footnotes":""},"categories":[17991],"tags":[],"class_list":["post-105317","post","type-post","status-publish","format-standard","","category-son-dakika"],"_links":{"self":[{"href":"https:\/\/archive.sana.sy\/tr\/index.php?rest_route=\/wp\/v2\/posts\/105317","targetHints":{"allow":["GET"]}}],"collection":[{"href":"https:\/\/archive.sana.sy\/tr\/index.php?rest_route=\/wp\/v2\/posts"}],"about":[{"href":"https:\/\/archive.sana.sy\/tr\/index.php?rest_route=\/wp\/v2\/types\/post"}],"author":[{"embeddable":true,"href":"https:\/\/archive.sana.sy\/tr\/index.php?rest_route=\/wp\/v2\/users\/1"}],"replies":[{"embeddable":true,"href":"https:\/\/archive.sana.sy\/tr\/index.php?rest_route=%2Fwp%2Fv2%2Fcomments&post=105317"}],"version-history":[{"count":0,"href":"https:\/\/archive.sana.sy\/tr\/index.php?rest_route=\/wp\/v2\/posts\/105317\/revisions"}],"wp:attachment":[{"href":"https:\/\/archive.sana.sy\/tr\/index.php?rest_route=%2Fwp%2Fv2%2Fmedia&parent=105317"}],"wp:term":[{"taxonomy":"category","embeddable":true,"href":"https:\/\/archive.sana.sy\/tr\/index.php?rest_route=%2Fwp%2Fv2%2Fcategories&post=105317"},{"taxonomy":"post_tag","embeddable":true,"href":"https:\/\/archive.sana.sy\/tr\/index.php?rest_route=%2Fwp%2Fv2%2Ftags&post=105317"}],"curies":[{"name":"wp","href":"https:\/\/api.w.org\/{rel}","templated":true}]}}