{"id":105326,"date":"2017-02-19T13:51:13","date_gmt":"2017-02-19T11:51:13","guid":{"rendered":"http:\/\/www.sana.sy\/tr\/?p=105326"},"modified":"2017-02-20T11:44:37","modified_gmt":"2017-02-20T09:44:37","slug":"teror-saldirilari-nedeniyle-sinavlar-ertelendi","status":"publish","type":"post","link":"https:\/\/archive.sana.sy\/tr\/?p=105326","title":{"rendered":"Ter\u00f6r Sald\u0131r\u0131lar\u0131 Nedeniyle S\u0131navlar Ertelendi"},"content":{"rendered":"<p>DERA \u2013 \u0130srail destekli ter\u00f6ristlerin Dera\u2019da e\u011fitim ve \u00f6\u011fretim kurumlar\u0131na ilaveten yerle\u015fim alanlar\u0131 ve hizmet kurumlar\u0131na f\u00fcze sald\u0131r\u0131lar\u0131 nedeniyle \u015eam \u00dcniversitesinin Dera ilindeki fak\u00fcltelerinde \u00fcniversite s\u0131navlar\u0131 ertelendi.<\/p>\n<p>\u015eam \u00dcniversitesi Dera \u015eube Ba\u015fkan\u0131 Muhammed el Subh, ter\u00f6ristlerin \u00fcniversite binalar\u0131na f\u00fcze sald\u0131r\u0131lar\u0131 nedeniyle \u00f6\u011frencilerin can g\u00fcvenli\u011fini temin etme ama\u00e7l\u0131 olarak bug\u00fcn ve yar\u0131n yap\u0131lacak s\u0131navlar\u0131n ertelendi\u011fini ilan etti.<\/p>\n<p>\u0130srail destekli Nusra Cephesi ve m\u00fcttefikleri di\u011fer ter\u00f6r \u00f6rg\u00fctleri bir haftadan beri Dera Kentinin sivil yerle\u015fim alanlar\u0131 ve hizmet kurumlar\u0131n\u0131 yo\u011fun bir \u015fekilde f\u00fcze ve havan toplar\u0131yla hedef al\u0131yor. Bu sald\u0131r\u0131lar sonucunda aralar\u0131nda \u00e7ocuk ve kad\u0131nlar\u0131n bulundu\u011fu onlarca masum sivil vatanda\u015f \u015fehit ve yaral\u0131 d\u00fc\u015ft\u00fc.<\/p>\n<p>\u015eam \u00dcniversitesine tabi olarak Dera\u2019da edebiyat, hukuk, veterinerlik, e\u011fitim, iktisat ve fen bilimleri fak\u00fclteleri bulunurken, bu fak\u00fcltelerde 15 binden fazla \u00fcniversite \u00f6\u011frencisi \u00f6\u011frenim g\u00f6r\u00fcyor.<\/p>\n","protected":false},"excerpt":{"rendered":"<p>DERA \u2013 \u0130srail destekli ter\u00f6ristlerin Dera\u2019da e\u011fitim ve \u00f6\u011fretim kurumlar\u0131na ilaveten yerle\u015fim alanlar\u0131 ve hizmet kurumlar\u0131na f\u00fcze sald\u0131r\u0131lar\u0131 nedeniyle \u015eam \u00dcniversitesinin Dera ilindeki fak\u00fcltelerinde \u00fcniversite s\u0131navlar\u0131 ertelendi. \u015eam \u00dcniversitesi Dera \u015eube Ba\u015fkan\u0131 Muhammed el Subh, ter\u00f6ristlerin \u00fcniversite binalar\u0131na f\u00fcze sald\u0131r\u0131lar\u0131 nedeniyle \u00f6\u011frencilerin can g\u00fcvenli\u011fini temin etme ama\u00e7l\u0131 olarak bug\u00fcn ve yar\u0131n yap\u0131lacak s\u0131navlar\u0131n ertelendi\u011fini ilan &hellip;<\/p>\n","protected":false},"author":1,"featured_media":105328,"comment_status":"closed","ping_status":"closed","sticky":false,"template":"","format":"standard","meta":{"footnotes":""},"categories":[479,17988,478],"tags":[3464,18237,1295,27722,18782,27724,19034,20510,19123,27723],"class_list":["post-105326","post","type-post","status-publish","format-standard","has-post-thumbnail","","category-haberler-yerel","category-son-haberler","category-yerel","tag-nusra-cephesi","tag-cihatcilar","tag-dera","tag-finaller","tag-sam-universitesi","tag-sinavlar-ertelendi","tag-suriyeli-muhalifler","tag-teror-saldirilari","tag-universite-sinavlari","tag-universiteye-saldiri"],"_links":{"self":[{"href":"https:\/\/archive.sana.sy\/tr\/index.php?rest_route=\/wp\/v2\/posts\/105326","targetHints":{"allow":["GET"]}}],"collection":[{"href":"https:\/\/archive.sana.sy\/tr\/index.php?rest_route=\/wp\/v2\/posts"}],"about":[{"href":"https:\/\/archive.sana.sy\/tr\/index.php?rest_route=\/wp\/v2\/types\/post"}],"author":[{"embeddable":true,"href":"https:\/\/archive.sana.sy\/tr\/index.php?rest_route=\/wp\/v2\/users\/1"}],"replies":[{"embeddable":true,"href":"https:\/\/archive.sana.sy\/tr\/index.php?rest_route=%2Fwp%2Fv2%2Fcomments&post=105326"}],"version-history":[{"count":0,"href":"https:\/\/archive.sana.sy\/tr\/index.php?rest_route=\/wp\/v2\/posts\/105326\/revisions"}],"wp:featuredmedia":[{"embeddable":true,"href":"https:\/\/archive.sana.sy\/tr\/index.php?rest_route=\/wp\/v2\/media\/105328"}],"wp:attachment":[{"href":"https:\/\/archive.sana.sy\/tr\/index.php?rest_route=%2Fwp%2Fv2%2Fmedia&parent=105326"}],"wp:term":[{"taxonomy":"category","embeddable":true,"href":"https:\/\/archive.sana.sy\/tr\/index.php?rest_route=%2Fwp%2Fv2%2Fcategories&post=105326"},{"taxonomy":"post_tag","embeddable":true,"href":"https:\/\/archive.sana.sy\/tr\/index.php?rest_route=%2Fwp%2Fv2%2Ftags&post=105326"}],"curies":[{"name":"wp","href":"https:\/\/api.w.org\/{rel}","templated":true}]}}