{"id":105330,"date":"2017-02-19T14:03:32","date_gmt":"2017-02-19T12:03:32","guid":{"rendered":"http:\/\/www.sana.sy\/tr\/?p=105330"},"modified":"2017-02-20T11:44:33","modified_gmt":"2017-02-20T09:44:33","slug":"teror-saldirilarinda-cocuk-sehit-dustu","status":"publish","type":"post","link":"https:\/\/archive.sana.sy\/tr\/?p=105330","title":{"rendered":"Ter\u00f6r Sald\u0131r\u0131lar\u0131nda \u00c7ocuk \u015eehit D\u00fc\u015ft\u00fc"},"content":{"rendered":"<p>DERA \u2013 \u0130srail&#8217;in destek ve talimat\u0131nda Dera\u2019da sivillere sald\u0131ran Nusra Cephesinin bug\u00fcn Dera Kentinin yerle\u015fim alanlar\u0131ndan Sahhari Semtini f\u00fczelerle hedef almalar\u0131 sonucunda bir \u00e7ocuk \u015fehit d\u00fc\u015ft\u00fc.<\/p>\n<p>Dera Emniyet M\u00fcd\u00fcrl\u00fc\u011f\u00fcnde bir kaynak, Dera Beled\u2019te bulunan radikal ter\u00f6ristlerin Sahhari Semtini f\u00fcze ya\u011fmuruna tutmalar\u0131 sonucunda bir \u00e7ocu\u011fun \u015fehit d\u00fc\u015ft\u00fc\u011f\u00fcn\u00fc, vatanda\u015flar\u0131n evlerinde de b\u00fcy\u00fck maddi hasar meydana geldi\u011fini belirtti.<\/p>\n<p>S\u00f6z konusu ter\u00f6ristlerin iki g\u00fcn \u00f6nce Dera Kentinin Do\u011fu Ka\u015fif Semtini yine f\u00fczelerle hedef almalar\u0131 sonucunda aralar\u0131nda \u00e7ocuk ve kad\u0131nlar\u0131n bulundu\u011fu 3 ki\u015fi \u015fehit, 5 ki\u015fi de yaral\u0131 d\u00fc\u015fm\u00fc\u015ft\u00fc.<\/p>\n","protected":false},"excerpt":{"rendered":"<p>DERA \u2013 \u0130srail&#8217;in destek ve talimat\u0131nda Dera\u2019da sivillere sald\u0131ran Nusra Cephesinin bug\u00fcn Dera Kentinin yerle\u015fim alanlar\u0131ndan Sahhari Semtini f\u00fczelerle hedef almalar\u0131 sonucunda bir \u00e7ocuk \u015fehit d\u00fc\u015ft\u00fc. Dera Emniyet M\u00fcd\u00fcrl\u00fc\u011f\u00fcnde bir kaynak, Dera Beled\u2019te bulunan radikal ter\u00f6ristlerin Sahhari Semtini f\u00fcze ya\u011fmuruna tutmalar\u0131 sonucunda bir \u00e7ocu\u011fun \u015fehit d\u00fc\u015ft\u00fc\u011f\u00fcn\u00fc, vatanda\u015flar\u0131n evlerinde de b\u00fcy\u00fck maddi hasar meydana geldi\u011fini belirtti. &hellip;<\/p>\n","protected":false},"author":1,"featured_media":105331,"comment_status":"closed","ping_status":"closed","sticky":false,"template":"","format":"standard","meta":{"footnotes":""},"categories":[479,575,17988,478],"tags":[3464,18237,24003,17273,5614,25259,18674,18174,19043,22182,19034],"class_list":["post-105330","post","type-post","status-publish","format-standard","has-post-thumbnail","","category-haberler-yerel","category-olaylar-ve-gercekler","category-son-haberler","category-yerel","tag-nusra-cephesi","tag-cihatcilar","tag-fetih-el-sam","tag-havan-saldirisi","tag-israil","tag-israil-destekli-muhalifler","tag-silahli-muhalifler","tag-sivillere-saldiri","tag-suriyede-son-durum","tag-suriyede-savas","tag-suriyeli-muhalifler"],"_links":{"self":[{"href":"https:\/\/archive.sana.sy\/tr\/index.php?rest_route=\/wp\/v2\/posts\/105330","targetHints":{"allow":["GET"]}}],"collection":[{"href":"https:\/\/archive.sana.sy\/tr\/index.php?rest_route=\/wp\/v2\/posts"}],"about":[{"href":"https:\/\/archive.sana.sy\/tr\/index.php?rest_route=\/wp\/v2\/types\/post"}],"author":[{"embeddable":true,"href":"https:\/\/archive.sana.sy\/tr\/index.php?rest_route=\/wp\/v2\/users\/1"}],"replies":[{"embeddable":true,"href":"https:\/\/archive.sana.sy\/tr\/index.php?rest_route=%2Fwp%2Fv2%2Fcomments&post=105330"}],"version-history":[{"count":0,"href":"https:\/\/archive.sana.sy\/tr\/index.php?rest_route=\/wp\/v2\/posts\/105330\/revisions"}],"wp:featuredmedia":[{"embeddable":true,"href":"https:\/\/archive.sana.sy\/tr\/index.php?rest_route=\/wp\/v2\/media\/105331"}],"wp:attachment":[{"href":"https:\/\/archive.sana.sy\/tr\/index.php?rest_route=%2Fwp%2Fv2%2Fmedia&parent=105330"}],"wp:term":[{"taxonomy":"category","embeddable":true,"href":"https:\/\/archive.sana.sy\/tr\/index.php?rest_route=%2Fwp%2Fv2%2Fcategories&post=105330"},{"taxonomy":"post_tag","embeddable":true,"href":"https:\/\/archive.sana.sy\/tr\/index.php?rest_route=%2Fwp%2Fv2%2Ftags&post=105330"}],"curies":[{"name":"wp","href":"https:\/\/api.w.org\/{rel}","templated":true}]}}