{"id":105333,"date":"2017-02-19T11:42:45","date_gmt":"2017-02-19T09:42:45","guid":{"rendered":"http:\/\/www.sana.sy\/tr\/?p=105333"},"modified":"2017-02-19T14:04:05","modified_gmt":"2017-02-19T12:04:05","slug":"dera-emniyet-mudurlugunde-bir-kaynak-dera-beledte-bulunan-radikal-teroristlerin-sahhari-semtini-fuze-yagmuruna-tutmalari-sonucunda-bir-cocugun-sehit-dustugunu-vatandaslarin-evlerinde-de-buy","status":"publish","type":"post","link":"https:\/\/archive.sana.sy\/tr\/?p=105333","title":{"rendered":"Dera Emniyet M\u00fcd\u00fcrl\u00fc\u011f\u00fcnde bir kaynak, Dera Beled\u2019te bulunan radikal ter\u00f6ristlerin Sahhari Semtini f\u00fcze ya\u011fmuruna tutmalar\u0131 sonucunda bir \u00e7ocu\u011fun \u015fehit d\u00fc\u015ft\u00fc\u011f\u00fcn\u00fc, vatanda\u015flar\u0131n evlerinde de b\u00fcy\u00fck maddi hasar meydana geldi\u011fini belirtti"},"content":{"rendered":"<p>Dera Emniyet M\u00fcd\u00fcrl\u00fc\u011f\u00fcnde bir kaynak, Dera Beled\u2019te bulunan radikal ter\u00f6ristlerin Sahhari Semtini f\u00fcze ya\u011fmuruna tutmalar\u0131 sonucunda bir \u00e7ocu\u011fun \u015fehit d\u00fc\u015ft\u00fc\u011f\u00fcn\u00fc, vatanda\u015flar\u0131n evlerinde de b\u00fcy\u00fck maddi hasar meydana geldi\u011fini belirtti<\/p>\n","protected":false},"excerpt":{"rendered":"<p>Dera Emniyet M\u00fcd\u00fcrl\u00fc\u011f\u00fcnde bir kaynak, Dera Beled\u2019te bulunan radikal ter\u00f6ristlerin Sahhari Semtini f\u00fcze ya\u011fmuruna tutmalar\u0131 sonucunda bir \u00e7ocu\u011fun \u015fehit d\u00fc\u015ft\u00fc\u011f\u00fcn\u00fc, vatanda\u015flar\u0131n evlerinde de b\u00fcy\u00fck maddi hasar meydana geldi\u011fini belirtti<\/p>\n","protected":false},"author":1,"featured_media":0,"comment_status":"closed","ping_status":"closed","sticky":false,"template":"","format":"standard","meta":{"footnotes":""},"categories":[17991],"tags":[],"class_list":["post-105333","post","type-post","status-publish","format-standard","","category-son-dakika"],"_links":{"self":[{"href":"https:\/\/archive.sana.sy\/tr\/index.php?rest_route=\/wp\/v2\/posts\/105333","targetHints":{"allow":["GET"]}}],"collection":[{"href":"https:\/\/archive.sana.sy\/tr\/index.php?rest_route=\/wp\/v2\/posts"}],"about":[{"href":"https:\/\/archive.sana.sy\/tr\/index.php?rest_route=\/wp\/v2\/types\/post"}],"author":[{"embeddable":true,"href":"https:\/\/archive.sana.sy\/tr\/index.php?rest_route=\/wp\/v2\/users\/1"}],"replies":[{"embeddable":true,"href":"https:\/\/archive.sana.sy\/tr\/index.php?rest_route=%2Fwp%2Fv2%2Fcomments&post=105333"}],"version-history":[{"count":0,"href":"https:\/\/archive.sana.sy\/tr\/index.php?rest_route=\/wp\/v2\/posts\/105333\/revisions"}],"wp:attachment":[{"href":"https:\/\/archive.sana.sy\/tr\/index.php?rest_route=%2Fwp%2Fv2%2Fmedia&parent=105333"}],"wp:term":[{"taxonomy":"category","embeddable":true,"href":"https:\/\/archive.sana.sy\/tr\/index.php?rest_route=%2Fwp%2Fv2%2Fcategories&post=105333"},{"taxonomy":"post_tag","embeddable":true,"href":"https:\/\/archive.sana.sy\/tr\/index.php?rest_route=%2Fwp%2Fv2%2Ftags&post=105333"}],"curies":[{"name":"wp","href":"https:\/\/api.w.org\/{rel}","templated":true}]}}