{"id":105335,"date":"2017-02-19T14:17:29","date_gmt":"2017-02-19T12:17:29","guid":{"rendered":"http:\/\/www.sana.sy\/tr\/?p=105335"},"modified":"2017-02-20T11:44:28","modified_gmt":"2017-02-20T09:44:28","slug":"deyrezzorda-acik-ogretim-finalleri-basladi","status":"publish","type":"post","link":"https:\/\/archive.sana.sy\/tr\/?p=105335","title":{"rendered":"Deyrezzor\u2019da A\u00e7\u0131k \u00d6\u011fretim Finalleri Ba\u015flad\u0131"},"content":{"rendered":"<p>DEYREZZOR \u2013 Deyrezzor\u2019da F\u0131rat \u00dcniversitesi a\u00e7\u0131k \u00f6\u011fretim fak\u00fcltelerinde \u00f6\u011frenim g\u00f6ren \u00fcniversite \u00f6\u011frencilerinin birinci d\u00f6nem finalleri ba\u015flad\u0131.<\/p>\n<p>F\u0131rat \u00dcniversitesi Rekt\u00f6r\u00fc Rag\u0131p el Ali SANA muhabirine yapt\u0131\u011f\u0131 a\u00e7\u0131klamada; s\u0131navlar\u0131n m\u00fcmk\u00fcn oldu\u011funca en iyi \u015fekilde icra edilmesi ve istisnas\u0131z t\u00fcm \u00f6\u011frencilerin s\u0131navlara g\u00fcvenli bir \u015fekilde kat\u0131lmalar\u0131 i\u00e7in gereken t\u00fcm \u00f6nlem ve icraatlar\u0131n al\u0131nd\u0131\u011f\u0131n\u0131 belirtti.<\/p>\n<p>F\u0131rat \u00dcniversitesinin t\u00fcm kadrosuyla \u00f6\u011fretim s\u00fcrecini s\u00fcrd\u00fcrme azim ve kararl\u0131l\u0131\u011f\u0131nda oldu\u011funu ifade eden Ali; Deyrezzor Kentinin I\u015e\u0130D ku\u015fatmas\u0131 alt\u0131nda ya\u015fad\u0131\u011f\u0131 zor ko\u015fullar ve ter\u00f6r sald\u0131r\u0131lar\u0131na ra\u011fmen \u00fcniversitenin \u00f6\u011fretim m\u00fccadelesini s\u00fcrd\u00fcrd\u00fc\u011f\u00fcn\u00fc kaydetti.<\/p>\n<p>F\u0131rat \u00dcniversitesi Deyrezzor Kentinde bulunan 11 fak\u00fcltesinde d\u00fcn normal finallerini ge\u00e7en Per\u015fembe g\u00fcn\u00fc ba\u015far\u0131yla tamamlam\u0131\u015ft\u0131.<\/p>\n","protected":false},"excerpt":{"rendered":"<p>DEYREZZOR \u2013 Deyrezzor\u2019da F\u0131rat \u00dcniversitesi a\u00e7\u0131k \u00f6\u011fretim fak\u00fcltelerinde \u00f6\u011frenim g\u00f6ren \u00fcniversite \u00f6\u011frencilerinin birinci d\u00f6nem finalleri ba\u015flad\u0131. F\u0131rat \u00dcniversitesi Rekt\u00f6r\u00fc Rag\u0131p el Ali SANA muhabirine yapt\u0131\u011f\u0131 a\u00e7\u0131klamada; s\u0131navlar\u0131n m\u00fcmk\u00fcn oldu\u011funca en iyi \u015fekilde icra edilmesi ve istisnas\u0131z t\u00fcm \u00f6\u011frencilerin s\u0131navlara g\u00fcvenli bir \u015fekilde kat\u0131lmalar\u0131 i\u00e7in gereken t\u00fcm \u00f6nlem ve icraatlar\u0131n al\u0131nd\u0131\u011f\u0131n\u0131 belirtti. F\u0131rat \u00dcniversitesinin t\u00fcm kadrosuyla &hellip;<\/p>\n","protected":false},"author":1,"featured_media":105336,"comment_status":"closed","ping_status":"closed","sticky":false,"template":"","format":"standard","meta":{"footnotes":""},"categories":[479,17988,478],"tags":[22554,2494,27722,23713,27727,27726,19123,27725],"class_list":["post-105335","post","type-post","status-publish","format-standard","has-post-thumbnail","","category-haberler-yerel","category-son-haberler","category-yerel","tag-acik-ogretim","tag-deyrezzor","tag-finaller","tag-firat-universitesi","tag-ragip-el-ali","tag-universite-rektoru","tag-universite-sinavlari","tag-universties-finalleri"],"_links":{"self":[{"href":"https:\/\/archive.sana.sy\/tr\/index.php?rest_route=\/wp\/v2\/posts\/105335","targetHints":{"allow":["GET"]}}],"collection":[{"href":"https:\/\/archive.sana.sy\/tr\/index.php?rest_route=\/wp\/v2\/posts"}],"about":[{"href":"https:\/\/archive.sana.sy\/tr\/index.php?rest_route=\/wp\/v2\/types\/post"}],"author":[{"embeddable":true,"href":"https:\/\/archive.sana.sy\/tr\/index.php?rest_route=\/wp\/v2\/users\/1"}],"replies":[{"embeddable":true,"href":"https:\/\/archive.sana.sy\/tr\/index.php?rest_route=%2Fwp%2Fv2%2Fcomments&post=105335"}],"version-history":[{"count":0,"href":"https:\/\/archive.sana.sy\/tr\/index.php?rest_route=\/wp\/v2\/posts\/105335\/revisions"}],"wp:featuredmedia":[{"embeddable":true,"href":"https:\/\/archive.sana.sy\/tr\/index.php?rest_route=\/wp\/v2\/media\/105336"}],"wp:attachment":[{"href":"https:\/\/archive.sana.sy\/tr\/index.php?rest_route=%2Fwp%2Fv2%2Fmedia&parent=105335"}],"wp:term":[{"taxonomy":"category","embeddable":true,"href":"https:\/\/archive.sana.sy\/tr\/index.php?rest_route=%2Fwp%2Fv2%2Fcategories&post=105335"},{"taxonomy":"post_tag","embeddable":true,"href":"https:\/\/archive.sana.sy\/tr\/index.php?rest_route=%2Fwp%2Fv2%2Ftags&post=105335"}],"curies":[{"name":"wp","href":"https:\/\/api.w.org\/{rel}","templated":true}]}}