{"id":10534,"date":"2014-09-19T18:16:56","date_gmt":"2014-09-19T15:16:56","guid":{"rendered":"http:\/\/www.sana.sy\/tr\/?p=10534"},"modified":"2014-09-19T18:16:56","modified_gmt":"2014-09-19T15:16:56","slug":"moskova-iside-karsi-koalisyona-davet-beklemiyor","status":"publish","type":"post","link":"https:\/\/archive.sana.sy\/tr\/?p=10534","title":{"rendered":"Moskova I\u015e\u0130D\u2019e Kar\u015f\u0131 Koalisyona Davet Beklemiyor"},"content":{"rendered":"<p>MOSKOVA \u2013 Rusya D\u0131\u015fi\u015fleri Bakanl\u0131\u011f\u0131 Moskova\u2019n\u0131n ter\u00f6rist \u201cIrak ve \u015eam \u0130slam Devleti\u201d \u00f6rg\u00fct\u00fcne kar\u015f\u0131 uluslararas\u0131 koalisyona kat\u0131lmak i\u00e7in kimseden davet beklemedi\u011fini belirtti.<\/p>\n<p>,D\u0131\u015fi\u015fleri bakanl\u0131\u011f\u0131na ba\u011fl\u0131 \u201cYeni tehlikeler\u201d B\u00f6l\u00fcm\u00fc M\u00fcd\u00fcr\u00fc Elia Rogachev bug\u00fcn yapt\u0131\u011f\u0131 a\u00e7\u0131klamada \u201cI\u015e\u0130D ter\u00f6r \u00f6rg\u00fct\u00fcne kar\u015f\u0131 koalisyon bir kul\u00fcpte parti de\u011fildir. Biz her hangi bir davet beklemiyoruz, giri\u015f bileti almay\u0131 d\u00fc\u015f\u00fcnm\u00fcyoruz\u201d dedi.<\/p>\n<p>Rusya\u2019n\u0131n Irak\u2019a savunma g\u00fcc\u00fcn\u00fc peki\u015ftiren askeri yard\u0131mlar yan\u0131 s\u0131ra gayr\u0131 askeri yard\u0131mlar da verdi\u011fini dile getiren Rogachev\u2019in \u201cSuriye\u2019de me\u015fru h\u00fck\u00fcmetin radikalizme kar\u015f\u0131 verdi\u011fi sava\u015f\u0131nda yan\u0131nda duruyoruz\u201d ifadeleri yer ald\u0131.<\/p>\n<p>Moskova\u2019n\u0131n BM G\u00fcvenlik Konseyi\u2019nin karar\u0131n\u0131n sanki Suriye\u2019nin onay\u0131 olmadan Suriye\u2019de darbelere izin veriyor gibi yorumlanmas\u0131n\u0131 istemedi\u011fini aktaran Rogachev, Amerika Birle\u015fik Devletleri\u2019nin G\u00fcvenlik Konseyi\u2019ne yabanc\u0131 ter\u00f6ristlere kar\u015f\u0131 m\u00fccadele karar tasar\u0131s\u0131n\u0131n mevcut haliyle Moskova taraf\u0131ndan kabul edilir oldu\u011funu belirtti.<\/p>\n<p>Rusya\u2019n\u0131n bu karar\u0131 Ortado\u011fu ve Kuzey Afrika b\u00f6lgeleri i\u00e7in yeniden aktifle\u015ftirme niyetine sahip oldu\u011funu yalanlayan Rus diplomat bu karar\u0131n ba\u015flang\u0131\u00e7tan beri yerle de\u011fil konuyla ilgili bir niteli\u011fi oldu\u011funu, onu belli b\u00f6lgelerde s\u0131n\u0131rl\u0131 b\u0131rak\u0131lmas\u0131n\u0131n do\u011fru olmayaca\u011f\u0131n\u0131 ifade etti.<\/p>\n<p>Rogachev \u201cYine de bu karar\u0131n \u00f6nceli\u011fi Irak ve Suriye\u2019de I\u015e\u0130D ter\u00f6ristleri olmas\u0131 mant\u0131kl\u0131 olur\u201d dedi.<\/p>\n<p>Rus diplomat Rusya\u2019n\u0131n karar metni hakk\u0131nda d\u00fc\u015f\u00fcnceleri \u201cKarar\u0131n Suriye topraklar\u0131nda baz\u0131 hedeflere devletin h\u00fck\u00fcmetinin net onay\u0131 olmadan darbe vurmaya elveri\u015fli oldu\u011fu y\u00f6n\u00fcnde\u201d yanl\u0131\u015f yorumlamaya mahal b\u0131rakmamaya \u00f6zen g\u00f6sterdi\u011fini bildirdi.<\/p>\n<p><span style=\"color: #0000ff\">Moskova Ter\u00f6rle M\u00fccadelede L\u00fcbnan\u2019\u0131n Yan\u0131nda<\/span><\/p>\n<p>\u00d6te yandan Rusya d\u0131\u015fi\u015fleri bakanl\u0131\u011f\u0131 Moskova\u2019n\u0131n ter\u00f6rle m\u00fccadelede L\u00fcbnan\u2019\u0131n yan\u0131nda durdu\u011funu, bu konuda ona yard\u0131m vermeye devam edece\u011fini belirtti.<\/p>\n<p>Bakanl\u0131k bug\u00fcn yapt\u0131\u011f\u0131 bir a\u00e7\u0131klamada, bu duru\u015funun Rusya Ba\u015fkan\u0131 Ortado\u011fu B\u00f6lgesi \u00d6zel Temsilcisi ve D\u0131\u015fi\u015fleri Bakan\u0131 Yard\u0131mc\u0131s\u0131 Mikhailil Bogdanov\u2019un L\u00fcbnan \u0130\u00e7i\u015fleri Bakan\u0131 Nihat el Ma\u015fnuk\u2019la Moskova\u2019da yapt\u0131\u011f\u0131 toplant\u0131 s\u0131ras\u0131nda iletildi\u011fini ifade etti.<\/p>\n<p>\u0130ki taraf\u0131n \u00fclkelerinin ter\u00f6rle m\u00fccadele konusunda uluslararas\u0131 kanun, devletlerin egemenliklerine sayg\u0131 \u00e7er\u00e7evesinde yak\u0131n oldu\u011funa dikkat \u00e7ektikleri bildirildi.<\/p>\n","protected":false},"excerpt":{"rendered":"<p>MOSKOVA \u2013 Rusya D\u0131\u015fi\u015fleri Bakanl\u0131\u011f\u0131 Moskova\u2019n\u0131n ter\u00f6rist \u201cIrak ve \u015eam \u0130slam Devleti\u201d \u00f6rg\u00fct\u00fcne kar\u015f\u0131 uluslararas\u0131 koalisyona kat\u0131lmak i\u00e7in kimseden davet beklemedi\u011fini belirtti. ,D\u0131\u015fi\u015fleri bakanl\u0131\u011f\u0131na ba\u011fl\u0131 \u201cYeni tehlikeler\u201d B\u00f6l\u00fcm\u00fc M\u00fcd\u00fcr\u00fc Elia Rogachev bug\u00fcn yapt\u0131\u011f\u0131 a\u00e7\u0131klamada \u201cI\u015e\u0130D ter\u00f6r \u00f6rg\u00fct\u00fcne kar\u015f\u0131 koalisyon bir kul\u00fcpte parti de\u011fildir. Biz her hangi bir davet beklemiyoruz, giri\u015f bileti almay\u0131 d\u00fc\u015f\u00fcnm\u00fcyoruz\u201d dedi. Rusya\u2019n\u0131n &hellip;<\/p>\n","protected":false},"author":1,"featured_media":10535,"comment_status":"closed","ping_status":"closed","sticky":false,"template":"","format":"standard","meta":{"footnotes":""},"categories":[458,459,447],"tags":[2439],"class_list":["post-10534","post","type-post","status-publish","format-standard","has-post-thumbnail","","category-dunya1","category-haberler-arap-uluslararasi-politika","category-politika","tag-moskova-iside-karsi-koalisyona-davet-beklemiyor"],"_links":{"self":[{"href":"https:\/\/archive.sana.sy\/tr\/index.php?rest_route=\/wp\/v2\/posts\/10534","targetHints":{"allow":["GET"]}}],"collection":[{"href":"https:\/\/archive.sana.sy\/tr\/index.php?rest_route=\/wp\/v2\/posts"}],"about":[{"href":"https:\/\/archive.sana.sy\/tr\/index.php?rest_route=\/wp\/v2\/types\/post"}],"author":[{"embeddable":true,"href":"https:\/\/archive.sana.sy\/tr\/index.php?rest_route=\/wp\/v2\/users\/1"}],"replies":[{"embeddable":true,"href":"https:\/\/archive.sana.sy\/tr\/index.php?rest_route=%2Fwp%2Fv2%2Fcomments&post=10534"}],"version-history":[{"count":0,"href":"https:\/\/archive.sana.sy\/tr\/index.php?rest_route=\/wp\/v2\/posts\/10534\/revisions"}],"wp:featuredmedia":[{"embeddable":true,"href":"https:\/\/archive.sana.sy\/tr\/index.php?rest_route=\/wp\/v2\/media\/10535"}],"wp:attachment":[{"href":"https:\/\/archive.sana.sy\/tr\/index.php?rest_route=%2Fwp%2Fv2%2Fmedia&parent=10534"}],"wp:term":[{"taxonomy":"category","embeddable":true,"href":"https:\/\/archive.sana.sy\/tr\/index.php?rest_route=%2Fwp%2Fv2%2Fcategories&post=10534"},{"taxonomy":"post_tag","embeddable":true,"href":"https:\/\/archive.sana.sy\/tr\/index.php?rest_route=%2Fwp%2Fv2%2Ftags&post=10534"}],"curies":[{"name":"wp","href":"https:\/\/api.w.org\/{rel}","templated":true}]}}