{"id":105345,"date":"2017-02-19T15:42:04","date_gmt":"2017-02-19T13:42:04","guid":{"rendered":"http:\/\/www.sana.sy\/tr\/?p=105345"},"modified":"2017-02-20T12:30:43","modified_gmt":"2017-02-20T10:30:43","slug":"devletin-madeni-servetleri-korumasina-iliskin-kanun-onaylandi","status":"publish","type":"post","link":"https:\/\/archive.sana.sy\/tr\/?p=105345","title":{"rendered":"Devletin Madeni Servetleri Korumas\u0131na \u0130li\u015fkin Kanun Onayland\u0131"},"content":{"rendered":"<p>\u015eAM \u2013 Cumhurba\u015fkan\u0131 Be\u015f\u015far el Esad bug\u00fcn devletin, madeni servet ve bu servetlerin bulundu\u011fu b\u00f6lgeleri koruma hakk\u0131 d\u00fczenlemelerini i\u00e7eren 2017\/7 say\u0131l\u0131 kanunu onaylad\u0131.<\/p>\n<p>Madeni servetlerin korunmas\u0131na ili\u015fkin 2006\/67 say\u0131l\u0131 kanunu iptal eden ve Halk Meclisinin 09-02-2017 tarihli oturumunda tart\u0131\u015f\u0131p onaylad\u0131\u011f\u0131 s\u00f6z konusu yeni kanun; madeni servetlerin yasa d\u0131\u015f\u0131 yollarla \u00e7\u0131kar\u0131lmas\u0131, ta\u015f\u0131nmas\u0131 ya da da\u011f\u0131t\u0131lmas\u0131n\u0131 yasakl\u0131yor.<\/p>\n","protected":false},"excerpt":{"rendered":"<p>\u015eAM \u2013 Cumhurba\u015fkan\u0131 Be\u015f\u015far el Esad bug\u00fcn devletin, madeni servet ve bu servetlerin bulundu\u011fu b\u00f6lgeleri koruma hakk\u0131 d\u00fczenlemelerini i\u00e7eren 2017\/7 say\u0131l\u0131 kanunu onaylad\u0131. Madeni servetlerin korunmas\u0131na ili\u015fkin 2006\/67 say\u0131l\u0131 kanunu iptal eden ve Halk Meclisinin 09-02-2017 tarihli oturumunda tart\u0131\u015f\u0131p onaylad\u0131\u011f\u0131 s\u00f6z konusu yeni kanun; madeni servetlerin yasa d\u0131\u015f\u0131 yollarla \u00e7\u0131kar\u0131lmas\u0131, ta\u015f\u0131nmas\u0131 ya da da\u011f\u0131t\u0131lmas\u0131n\u0131 yasakl\u0131yor.<\/p>\n","protected":false},"author":1,"featured_media":101222,"comment_status":"closed","ping_status":"closed","sticky":false,"template":"","format":"standard","meta":{"footnotes":""},"categories":[479,605,17988,612,599,478],"tags":[],"class_list":["post-105345","post","type-post","status-publish","format-standard","has-post-thumbnail","","category-haberler-yerel","category-sayin-cumhurbaskani","category-son-haberler","category-yasama-kararnameler","category-yasama-ve-kanunlar","category-yerel"],"_links":{"self":[{"href":"https:\/\/archive.sana.sy\/tr\/index.php?rest_route=\/wp\/v2\/posts\/105345","targetHints":{"allow":["GET"]}}],"collection":[{"href":"https:\/\/archive.sana.sy\/tr\/index.php?rest_route=\/wp\/v2\/posts"}],"about":[{"href":"https:\/\/archive.sana.sy\/tr\/index.php?rest_route=\/wp\/v2\/types\/post"}],"author":[{"embeddable":true,"href":"https:\/\/archive.sana.sy\/tr\/index.php?rest_route=\/wp\/v2\/users\/1"}],"replies":[{"embeddable":true,"href":"https:\/\/archive.sana.sy\/tr\/index.php?rest_route=%2Fwp%2Fv2%2Fcomments&post=105345"}],"version-history":[{"count":0,"href":"https:\/\/archive.sana.sy\/tr\/index.php?rest_route=\/wp\/v2\/posts\/105345\/revisions"}],"wp:featuredmedia":[{"embeddable":true,"href":"https:\/\/archive.sana.sy\/tr\/index.php?rest_route=\/wp\/v2\/media\/101222"}],"wp:attachment":[{"href":"https:\/\/archive.sana.sy\/tr\/index.php?rest_route=%2Fwp%2Fv2%2Fmedia&parent=105345"}],"wp:term":[{"taxonomy":"category","embeddable":true,"href":"https:\/\/archive.sana.sy\/tr\/index.php?rest_route=%2Fwp%2Fv2%2Fcategories&post=105345"},{"taxonomy":"post_tag","embeddable":true,"href":"https:\/\/archive.sana.sy\/tr\/index.php?rest_route=%2Fwp%2Fv2%2Ftags&post=105345"}],"curies":[{"name":"wp","href":"https:\/\/api.w.org\/{rel}","templated":true}]}}