{"id":105347,"date":"2017-02-19T15:56:49","date_gmt":"2017-02-19T13:56:49","guid":{"rendered":"http:\/\/www.sana.sy\/tr\/?p=105347"},"modified":"2017-02-20T11:44:17","modified_gmt":"2017-02-20T09:44:17","slug":"isidli-teroristler-pusuya-dusuruldu","status":"publish","type":"post","link":"https:\/\/archive.sana.sy\/tr\/?p=105347","title":{"rendered":"I\u015e\u0130D&#8217;li Ter\u00f6ristler Pusuya D\u00fc\u015f\u00fcr\u00fcld\u00fc"},"content":{"rendered":"<p>HAMA \u2013 Hama \u0130linin do\u011fusunda Halk Savunma G\u00fc\u00e7leri; Selemiye k\u0131rsal\u0131n\u0131n Izeyb Vadisi B\u00f6lgesinde I\u015e\u0130D\u2019li radikal ter\u00f6ristleri s\u0131k\u0131 bir pusuya d\u00fc\u015f\u00fcrd\u00fc.<\/p>\n<p>Saha kaynaklar\u0131 Esriya B\u00f6lgesinde bulunan Halk Savunma G\u00fc\u00e7lerinin kurduklar\u0131 pusuda I\u015e\u0130D\u2019li ter\u00f6ristlerle \u00e7at\u0131\u015fmaya girip t\u00fcm\u00fcn\u00fc \u00f6ld\u00fcrd\u00fcklerini belirtti. Kaynaklar ter\u00f6ristlerin \u00f6ld\u00fcr\u00fclmeleri ard\u0131ndan kulland\u0131klar\u0131 silahlar ve 3 araca el konuldu\u011funu ifade ederken, bu ter\u00f6ristlerin Homs \u0130linin do\u011fusu Tedmur B\u00f6lgesindeki radikal \u00e7etelere destek ama\u00e7l\u0131 hareket ettiklerine dikkat \u00e7ekti.<\/p>\n","protected":false},"excerpt":{"rendered":"<p>HAMA \u2013 Hama \u0130linin do\u011fusunda Halk Savunma G\u00fc\u00e7leri; Selemiye k\u0131rsal\u0131n\u0131n Izeyb Vadisi B\u00f6lgesinde I\u015e\u0130D\u2019li radikal ter\u00f6ristleri s\u0131k\u0131 bir pusuya d\u00fc\u015f\u00fcrd\u00fc. Saha kaynaklar\u0131 Esriya B\u00f6lgesinde bulunan Halk Savunma G\u00fc\u00e7lerinin kurduklar\u0131 pusuda I\u015e\u0130D\u2019li ter\u00f6ristlerle \u00e7at\u0131\u015fmaya girip t\u00fcm\u00fcn\u00fc \u00f6ld\u00fcrd\u00fcklerini belirtti. Kaynaklar ter\u00f6ristlerin \u00f6ld\u00fcr\u00fclmeleri ard\u0131ndan kulland\u0131klar\u0131 silahlar ve 3 araca el konuldu\u011funu ifade ederken, bu ter\u00f6ristlerin Homs \u0130linin do\u011fusu &hellip;<\/p>\n","protected":false},"author":1,"featured_media":105348,"comment_status":"closed","ping_status":"closed","sticky":false,"template":"","format":"standard","meta":{"footnotes":""},"categories":[479,575,17988,478],"tags":[18576,18577,27737,20577,27735,27734,27736,11549,26768],"class_list":["post-105347","post","type-post","status-publish","format-standard","has-post-thumbnail","","category-haberler-yerel","category-olaylar-ve-gercekler","category-son-haberler","category-yerel","tag-daes","tag-deas","tag-esriya-bolgesi","tag-halk-savunma-gucleri","tag-hama-ili","tag-isidli-teroristler-pusuya-dusuruldu","tag-selemiye-kirsalinin-izeyb-vadisi-bolgesi","tag-suriye-ordusu","tag-teror-orgutu-isid"],"_links":{"self":[{"href":"https:\/\/archive.sana.sy\/tr\/index.php?rest_route=\/wp\/v2\/posts\/105347","targetHints":{"allow":["GET"]}}],"collection":[{"href":"https:\/\/archive.sana.sy\/tr\/index.php?rest_route=\/wp\/v2\/posts"}],"about":[{"href":"https:\/\/archive.sana.sy\/tr\/index.php?rest_route=\/wp\/v2\/types\/post"}],"author":[{"embeddable":true,"href":"https:\/\/archive.sana.sy\/tr\/index.php?rest_route=\/wp\/v2\/users\/1"}],"replies":[{"embeddable":true,"href":"https:\/\/archive.sana.sy\/tr\/index.php?rest_route=%2Fwp%2Fv2%2Fcomments&post=105347"}],"version-history":[{"count":0,"href":"https:\/\/archive.sana.sy\/tr\/index.php?rest_route=\/wp\/v2\/posts\/105347\/revisions"}],"wp:featuredmedia":[{"embeddable":true,"href":"https:\/\/archive.sana.sy\/tr\/index.php?rest_route=\/wp\/v2\/media\/105348"}],"wp:attachment":[{"href":"https:\/\/archive.sana.sy\/tr\/index.php?rest_route=%2Fwp%2Fv2%2Fmedia&parent=105347"}],"wp:term":[{"taxonomy":"category","embeddable":true,"href":"https:\/\/archive.sana.sy\/tr\/index.php?rest_route=%2Fwp%2Fv2%2Fcategories&post=105347"},{"taxonomy":"post_tag","embeddable":true,"href":"https:\/\/archive.sana.sy\/tr\/index.php?rest_route=%2Fwp%2Fv2%2Ftags&post=105347"}],"curies":[{"name":"wp","href":"https:\/\/api.w.org\/{rel}","templated":true}]}}